{"id":1237,"date":"2026-01-08T23:16:42","date_gmt":"2026-01-08T23:16:42","guid":{"rendered":"https:\/\/fundacionlobeliana.org\/?p=1237"},"modified":"2026-01-08T23:32:02","modified_gmt":"2026-01-08T23:32:02","slug":"benjamin-gelcich","status":"publish","type":"post","link":"https:\/\/fundacionlobeliana.org\/en\/benjamin-gelcich\/","title":{"rendered":"Benjam\u00edn Gelcich"},"content":{"rendered":"<p>Filmmaker (Chilean Film School), musician (self-taught), neurorehabilitation specialist (Luis Krebs Institute), and amateur ethnobotanist for the past 15 years. His work has focused on research and experimentation.<br>in cinema, art and consciousness, developing in practice both experimental film works and performances and video installations based on cutting-edge scientific content (\u201cAnadenanthera\u201d, \u201cBoca Pariamanu<br>Remix\u201d, \u201cCaosnautica\u201d, \u201cAnadenanthera Installation\u201d, among others).<\/p>\n\n\n\n<p>She has participated by presenting her work at international art and psychoactive events (\u201cFirst International Symposium on Anadenanthera\u201d [an event inspired by her documentary video \u201cAnadenanthera\u201d], in Cusco, Peru; \u201cAndean Labs\u201d, Huaraz and Chav\u00edn, Peru; and in four long-term informal residencies: twice for two months at the center of<br>Ethnobotanical research at \u201cWasiwaska\u201d in Brazil, led by researcher L. E. Luna; two two-month stays in Miami, USA, with researcher M. C. Torres; one month in Mexico with writer and ethnobotanist J. Ott; and two weeks at his home in Puc\u00f3n, Chile, with J. Ott, M. C. Torres, D. Torres, G. Samorini, S. Schaefer, and L. E. Luna. It was during these periods that he developed the networks that form the core of CEL and the Lobeliana Library.<\/p>","protected":false},"excerpt":{"rendered":"<p>Founder\/Director\/President<br \/>\n<br \/>\nbenjagelcich@gmail.com<\/p>","protected":false},"author":1,"featured_media":1244,"comment_status":"open","ping_status":"open","sticky":false,"template":"","format":"standard","meta":{"footnotes":""},"categories":[34],"tags":[33],"class_list":["post-1237","post","type-post","status-publish","format-standard","has-post-thumbnail","hentry","category-equipo","tag-equipo"],"yoast_head":"<!-- This site is optimized with the Yoast SEO plugin v27.2 - https:\/\/yoast.com\/product\/yoast-seo-wordpress\/ -->\n<title>Benjam\u00edn Gelcich - Fundacion Lobeliana<\/title>\n<meta name=\"robots\" content=\"index, follow, max-snippet:-1, max-image-preview:large, max-video-preview:-1\" \/>\n<link rel=\"canonical\" href=\"https:\/\/fundacionlobeliana.org\/en\/benjamin-gelcich\/\" \/>\n<meta property=\"og:locale\" content=\"en_GB\" \/>\n<meta property=\"og:type\" content=\"article\" \/>\n<meta property=\"og:title\" content=\"Benjam\u00edn Gelcich - Fundacion Lobeliana\" \/>\n<meta property=\"og:description\" content=\"Fundador\/Director\/Presidente benjagelcich@gmail.com\" \/>\n<meta property=\"og:url\" content=\"https:\/\/fundacionlobeliana.org\/en\/benjamin-gelcich\/\" \/>\n<meta property=\"og:site_name\" content=\"Fundacion Lobeliana\" \/>\n<meta property=\"article:published_time\" content=\"2026-01-08T23:16:42+00:00\" \/>\n<meta property=\"article:modified_time\" content=\"2026-01-08T23:32:02+00:00\" \/>\n<meta property=\"og:image\" content=\"https:\/\/fundacionlobeliana.org\/wp-content\/uploads\/2026\/01\/Benjamin-Gelcich.jpg\" \/>\n\t<meta property=\"og:image:width\" content=\"400\" \/>\n\t<meta property=\"og:image:height\" content=\"400\" \/>\n\t<meta property=\"og:image:type\" content=\"image\/jpeg\" \/>\n<meta name=\"author\" content=\"angienaveaj\" \/>\n<meta name=\"twitter:card\" content=\"summary_large_image\" \/>\n<meta name=\"twitter:label1\" content=\"Written by\" \/>\n\t<meta name=\"twitter:data1\" content=\"angienaveaj\" \/>\n\t<meta name=\"twitter:label2\" content=\"Estimated reading time\" \/>\n\t<meta name=\"twitter:data2\" content=\"2 minutes\" \/>\n<script type=\"application\/ld+json\" class=\"yoast-schema-graph\">{\"@context\":\"https:\/\/schema.org\",\"@graph\":[{\"@type\":\"Article\",\"@id\":\"https:\/\/fundacionlobeliana.org\/benjamin-gelcich\/#article\",\"isPartOf\":{\"@id\":\"https:\/\/fundacionlobeliana.org\/benjamin-gelcich\/\"},\"author\":{\"name\":\"angienaveaj\",\"@id\":\"https:\/\/fundacionlobeliana.org\/#\/schema\/person\/db50f40d8e0b513e10c4f5113b63878e\"},\"headline\":\"Benjam\u00edn Gelcich\",\"datePublished\":\"2026-01-08T23:16:42+00:00\",\"dateModified\":\"2026-01-08T23:32:02+00:00\",\"mainEntityOfPage\":{\"@id\":\"https:\/\/fundacionlobeliana.org\/benjamin-gelcich\/\"},\"wordCount\":206,\"commentCount\":0,\"publisher\":{\"@id\":\"https:\/\/fundacionlobeliana.org\/#organization\"},\"image\":{\"@id\":\"https:\/\/fundacionlobeliana.org\/benjamin-gelcich\/#primaryimage\"},\"thumbnailUrl\":\"https:\/\/fundacionlobeliana.org\/wp-content\/uploads\/2026\/01\/Benjamin-Gelcich.jpg\",\"keywords\":[\"Equipo\"],\"articleSection\":[\"Equipo\"],\"inLanguage\":\"en-GB\",\"potentialAction\":[{\"@type\":\"CommentAction\",\"name\":\"Comment\",\"target\":[\"https:\/\/fundacionlobeliana.org\/benjamin-gelcich\/#respond\"]}]},{\"@type\":\"WebPage\",\"@id\":\"https:\/\/fundacionlobeliana.org\/benjamin-gelcich\/\",\"url\":\"https:\/\/fundacionlobeliana.org\/benjamin-gelcich\/\",\"name\":\"Benjam\u00edn Gelcich - Fundacion Lobeliana\",\"isPartOf\":{\"@id\":\"https:\/\/fundacionlobeliana.org\/#website\"},\"primaryImageOfPage\":{\"@id\":\"https:\/\/fundacionlobeliana.org\/benjamin-gelcich\/#primaryimage\"},\"image\":{\"@id\":\"https:\/\/fundacionlobeliana.org\/benjamin-gelcich\/#primaryimage\"},\"thumbnailUrl\":\"https:\/\/fundacionlobeliana.org\/wp-content\/uploads\/2026\/01\/Benjamin-Gelcich.jpg\",\"datePublished\":\"2026-01-08T23:16:42+00:00\",\"dateModified\":\"2026-01-08T23:32:02+00:00\",\"breadcrumb\":{\"@id\":\"https:\/\/fundacionlobeliana.org\/benjamin-gelcich\/#breadcrumb\"},\"inLanguage\":\"en-GB\",\"potentialAction\":[{\"@type\":\"ReadAction\",\"target\":[\"https:\/\/fundacionlobeliana.org\/benjamin-gelcich\/\"]}]},{\"@type\":\"ImageObject\",\"inLanguage\":\"en-GB\",\"@id\":\"https:\/\/fundacionlobeliana.org\/benjamin-gelcich\/#primaryimage\",\"url\":\"https:\/\/fundacionlobeliana.org\/wp-content\/uploads\/2026\/01\/Benjamin-Gelcich.jpg\",\"contentUrl\":\"https:\/\/fundacionlobeliana.org\/wp-content\/uploads\/2026\/01\/Benjamin-Gelcich.jpg\",\"width\":400,\"height\":400},{\"@type\":\"BreadcrumbList\",\"@id\":\"https:\/\/fundacionlobeliana.org\/benjamin-gelcich\/#breadcrumb\",\"itemListElement\":[{\"@type\":\"ListItem\",\"position\":1,\"name\":\"Portada\",\"item\":\"https:\/\/fundacionlobeliana.org\/\"},{\"@type\":\"ListItem\",\"position\":2,\"name\":\"Benjam\u00edn Gelcich\"}]},{\"@type\":\"WebSite\",\"@id\":\"https:\/\/fundacionlobeliana.org\/#website\",\"url\":\"https:\/\/fundacionlobeliana.org\/\",\"name\":\"Fundacion Lobeliana\",\"description\":\"Organizaci\u00f3n sin fines de lucro que tiene como misi\u00f3n el rescatar, actualizar, visibilizar y hacer disponible el conocimiento acumulado hasta hoy sobre f\u00e1rmacos naturales y psicoactivos\",\"publisher\":{\"@id\":\"https:\/\/fundacionlobeliana.org\/#organization\"},\"potentialAction\":[{\"@type\":\"SearchAction\",\"target\":{\"@type\":\"EntryPoint\",\"urlTemplate\":\"https:\/\/fundacionlobeliana.org\/?s={search_term_string}\"},\"query-input\":{\"@type\":\"PropertyValueSpecification\",\"valueRequired\":true,\"valueName\":\"search_term_string\"}}],\"inLanguage\":\"en-GB\"},{\"@type\":\"Organization\",\"@id\":\"https:\/\/fundacionlobeliana.org\/#organization\",\"name\":\"Fundacion Lobeliana\",\"url\":\"https:\/\/fundacionlobeliana.org\/\",\"logo\":{\"@type\":\"ImageObject\",\"inLanguage\":\"en-GB\",\"@id\":\"https:\/\/fundacionlobeliana.org\/#\/schema\/logo\/image\/\",\"url\":\"https:\/\/fundacionlobeliana.org\/wp-content\/uploads\/2025\/09\/logo_fundacion_lobeliana-02.png\",\"contentUrl\":\"https:\/\/fundacionlobeliana.org\/wp-content\/uploads\/2025\/09\/logo_fundacion_lobeliana-02.png\",\"width\":571,\"height\":718,\"caption\":\"Fundacion Lobeliana\"},\"image\":{\"@id\":\"https:\/\/fundacionlobeliana.org\/#\/schema\/logo\/image\/\"}},{\"@type\":\"Person\",\"@id\":\"https:\/\/fundacionlobeliana.org\/#\/schema\/person\/db50f40d8e0b513e10c4f5113b63878e\",\"name\":\"angienaveaj\",\"image\":{\"@type\":\"ImageObject\",\"inLanguage\":\"en-GB\",\"@id\":\"https:\/\/secure.gravatar.com\/avatar\/6d4ae7adc69c71560df2274e0971ed1f4a3aa48ccbc300b79f3497a94aaf3ed4?s=96&d=mm&r=g\",\"url\":\"https:\/\/secure.gravatar.com\/avatar\/6d4ae7adc69c71560df2274e0971ed1f4a3aa48ccbc300b79f3497a94aaf3ed4?s=96&d=mm&r=g\",\"contentUrl\":\"https:\/\/secure.gravatar.com\/avatar\/6d4ae7adc69c71560df2274e0971ed1f4a3aa48ccbc300b79f3497a94aaf3ed4?s=96&d=mm&r=g\",\"caption\":\"angienaveaj\"},\"sameAs\":[\"https:\/\/fundacionlobeliana.org\"],\"url\":\"https:\/\/fundacionlobeliana.org\/en\/author\/angienaveaj\/\"}]}<\/script>\n<!-- \/ Yoast SEO plugin. -->","yoast_head_json":{"title":"Benjam\u00edn Gelcich - Fundacion Lobeliana","robots":{"index":"index","follow":"follow","max-snippet":"max-snippet:-1","max-image-preview":"max-image-preview:large","max-video-preview":"max-video-preview:-1"},"canonical":"https:\/\/fundacionlobeliana.org\/en\/benjamin-gelcich\/","og_locale":"en_GB","og_type":"article","og_title":"Benjam\u00edn Gelcich - Fundacion Lobeliana","og_description":"Fundador\/Director\/Presidente benjagelcich@gmail.com","og_url":"https:\/\/fundacionlobeliana.org\/en\/benjamin-gelcich\/","og_site_name":"Fundacion Lobeliana","article_published_time":"2026-01-08T23:16:42+00:00","article_modified_time":"2026-01-08T23:32:02+00:00","og_image":[{"width":400,"height":400,"url":"https:\/\/fundacionlobeliana.org\/wp-content\/uploads\/2026\/01\/Benjamin-Gelcich.jpg","type":"image\/jpeg"}],"author":"angienaveaj","twitter_card":"summary_large_image","twitter_misc":{"Written by":"angienaveaj","Estimated reading time":"2 minutes"},"schema":{"@context":"https:\/\/schema.org","@graph":[{"@type":"Article","@id":"https:\/\/fundacionlobeliana.org\/benjamin-gelcich\/#article","isPartOf":{"@id":"https:\/\/fundacionlobeliana.org\/benjamin-gelcich\/"},"author":{"name":"angienaveaj","@id":"https:\/\/fundacionlobeliana.org\/#\/schema\/person\/db50f40d8e0b513e10c4f5113b63878e"},"headline":"Benjam\u00edn Gelcich","datePublished":"2026-01-08T23:16:42+00:00","dateModified":"2026-01-08T23:32:02+00:00","mainEntityOfPage":{"@id":"https:\/\/fundacionlobeliana.org\/benjamin-gelcich\/"},"wordCount":206,"commentCount":0,"publisher":{"@id":"https:\/\/fundacionlobeliana.org\/#organization"},"image":{"@id":"https:\/\/fundacionlobeliana.org\/benjamin-gelcich\/#primaryimage"},"thumbnailUrl":"https:\/\/fundacionlobeliana.org\/wp-content\/uploads\/2026\/01\/Benjamin-Gelcich.jpg","keywords":["Equipo"],"articleSection":["Equipo"],"inLanguage":"en-GB","potentialAction":[{"@type":"CommentAction","name":"Comment","target":["https:\/\/fundacionlobeliana.org\/benjamin-gelcich\/#respond"]}]},{"@type":"WebPage","@id":"https:\/\/fundacionlobeliana.org\/benjamin-gelcich\/","url":"https:\/\/fundacionlobeliana.org\/benjamin-gelcich\/","name":"Benjam\u00edn Gelcich - Fundacion Lobeliana","isPartOf":{"@id":"https:\/\/fundacionlobeliana.org\/#website"},"primaryImageOfPage":{"@id":"https:\/\/fundacionlobeliana.org\/benjamin-gelcich\/#primaryimage"},"image":{"@id":"https:\/\/fundacionlobeliana.org\/benjamin-gelcich\/#primaryimage"},"thumbnailUrl":"https:\/\/fundacionlobeliana.org\/wp-content\/uploads\/2026\/01\/Benjamin-Gelcich.jpg","datePublished":"2026-01-08T23:16:42+00:00","dateModified":"2026-01-08T23:32:02+00:00","breadcrumb":{"@id":"https:\/\/fundacionlobeliana.org\/benjamin-gelcich\/#breadcrumb"},"inLanguage":"en-GB","potentialAction":[{"@type":"ReadAction","target":["https:\/\/fundacionlobeliana.org\/benjamin-gelcich\/"]}]},{"@type":"ImageObject","inLanguage":"en-GB","@id":"https:\/\/fundacionlobeliana.org\/benjamin-gelcich\/#primaryimage","url":"https:\/\/fundacionlobeliana.org\/wp-content\/uploads\/2026\/01\/Benjamin-Gelcich.jpg","contentUrl":"https:\/\/fundacionlobeliana.org\/wp-content\/uploads\/2026\/01\/Benjamin-Gelcich.jpg","width":400,"height":400},{"@type":"BreadcrumbList","@id":"https:\/\/fundacionlobeliana.org\/benjamin-gelcich\/#breadcrumb","itemListElement":[{"@type":"ListItem","position":1,"name":"Portada","item":"https:\/\/fundacionlobeliana.org\/"},{"@type":"ListItem","position":2,"name":"Benjam\u00edn Gelcich"}]},{"@type":"WebSite","@id":"https:\/\/fundacionlobeliana.org\/#website","url":"https:\/\/fundacionlobeliana.org\/","name":"Fundacion Lobeliana","description":"Organizaci\u00f3n sin fines de lucro que tiene como misi\u00f3n el rescatar, actualizar, visibilizar y hacer disponible el conocimiento acumulado hasta hoy sobre f\u00e1rmacos naturales y psicoactivos","publisher":{"@id":"https:\/\/fundacionlobeliana.org\/#organization"},"potentialAction":[{"@type":"SearchAction","target":{"@type":"EntryPoint","urlTemplate":"https:\/\/fundacionlobeliana.org\/?s={search_term_string}"},"query-input":{"@type":"PropertyValueSpecification","valueRequired":true,"valueName":"search_term_string"}}],"inLanguage":"en-GB"},{"@type":"Organization","@id":"https:\/\/fundacionlobeliana.org\/#organization","name":"Fundacion Lobeliana","url":"https:\/\/fundacionlobeliana.org\/","logo":{"@type":"ImageObject","inLanguage":"en-GB","@id":"https:\/\/fundacionlobeliana.org\/#\/schema\/logo\/image\/","url":"https:\/\/fundacionlobeliana.org\/wp-content\/uploads\/2025\/09\/logo_fundacion_lobeliana-02.png","contentUrl":"https:\/\/fundacionlobeliana.org\/wp-content\/uploads\/2025\/09\/logo_fundacion_lobeliana-02.png","width":571,"height":718,"caption":"Fundacion Lobeliana"},"image":{"@id":"https:\/\/fundacionlobeliana.org\/#\/schema\/logo\/image\/"}},{"@type":"Person","@id":"https:\/\/fundacionlobeliana.org\/#\/schema\/person\/db50f40d8e0b513e10c4f5113b63878e","name":"angienaveaj","image":{"@type":"ImageObject","inLanguage":"en-GB","@id":"https:\/\/secure.gravatar.com\/avatar\/6d4ae7adc69c71560df2274e0971ed1f4a3aa48ccbc300b79f3497a94aaf3ed4?s=96&d=mm&r=g","url":"https:\/\/secure.gravatar.com\/avatar\/6d4ae7adc69c71560df2274e0971ed1f4a3aa48ccbc300b79f3497a94aaf3ed4?s=96&d=mm&r=g","contentUrl":"https:\/\/secure.gravatar.com\/avatar\/6d4ae7adc69c71560df2274e0971ed1f4a3aa48ccbc300b79f3497a94aaf3ed4?s=96&d=mm&r=g","caption":"angienaveaj"},"sameAs":["https:\/\/fundacionlobeliana.org"],"url":"https:\/\/fundacionlobeliana.org\/en\/author\/angienaveaj\/"}]}},"_links":{"self":[{"href":"https:\/\/fundacionlobeliana.org\/en\/wp-json\/wp\/v2\/posts\/1237","targetHints":{"allow":["GET"]}}],"collection":[{"href":"https:\/\/fundacionlobeliana.org\/en\/wp-json\/wp\/v2\/posts"}],"about":[{"href":"https:\/\/fundacionlobeliana.org\/en\/wp-json\/wp\/v2\/types\/post"}],"author":[{"embeddable":true,"href":"https:\/\/fundacionlobeliana.org\/en\/wp-json\/wp\/v2\/users\/1"}],"replies":[{"embeddable":true,"href":"https:\/\/fundacionlobeliana.org\/en\/wp-json\/wp\/v2\/comments?post=1237"}],"version-history":[{"count":2,"href":"https:\/\/fundacionlobeliana.org\/en\/wp-json\/wp\/v2\/posts\/1237\/revisions"}],"predecessor-version":[{"id":1246,"href":"https:\/\/fundacionlobeliana.org\/en\/wp-json\/wp\/v2\/posts\/1237\/revisions\/1246"}],"wp:featuredmedia":[{"embeddable":true,"href":"https:\/\/fundacionlobeliana.org\/en\/wp-json\/wp\/v2\/media\/1244"}],"wp:attachment":[{"href":"https:\/\/fundacionlobeliana.org\/en\/wp-json\/wp\/v2\/media?parent=1237"}],"wp:term":[{"taxonomy":"category","embeddable":true,"href":"https:\/\/fundacionlobeliana.org\/en\/wp-json\/wp\/v2\/categories?post=1237"},{"taxonomy":"post_tag","embeddable":true,"href":"https:\/\/fundacionlobeliana.org\/en\/wp-json\/wp\/v2\/tags?post=1237"}],"curies":[{"name":"wp","href":"https:\/\/api.w.org\/{rel}","templated":true}]}}