{"id":1330,"date":"2026-01-12T22:43:06","date_gmt":"2026-01-12T22:43:06","guid":{"rendered":"https:\/\/fundacionlobeliana.org\/?p=1330"},"modified":"2026-01-12T22:43:49","modified_gmt":"2026-01-12T22:43:49","slug":"francisco-zenteno","status":"publish","type":"post","link":"https:\/\/fundacionlobeliana.org\/en\/francisco-zenteno\/","title":{"rendered":"Francisco Zenteno"},"content":{"rendered":"<p>Francisco Zenteno is a transpersonal humanistic clinical psychologist specializing in psychedelic-assisted psychotherapy. He is dedicated to the study and development of diagnostic and treatment methodologies from the perspectives of intercultural medicine, psychology, and personal transformation. He is trained in thanatology, microbiota, and other disciplines that complement therapeutic practice.<\/p>\n\n\n\n<p>He is an activist and co-founder and director of the Azul Micelio Foundation, an organization dedicated to the care and protection of psilocybin mushrooms and their users, as well as to education, dissemination and research of the various uses and innovation in the application of these mushrooms in the clinical context as health agents.<\/p>\n\n\n\n<p>Currently, he participates in various training and teaching spaces on topics related to intercultural medicine and the therapeutic use of entheogens and psychedelics, particularly psilocybin mushrooms.<\/p>\n\n\n\n<p><\/p>","protected":false},"excerpt":{"rendered":"<p>Associate Director <br \/>\nfzenteno@fundacionlobeliana.org<\/p>","protected":false},"author":1,"featured_media":1255,"comment_status":"open","ping_status":"open","sticky":false,"template":"","format":"standard","meta":{"footnotes":""},"categories":[34],"tags":[33],"class_list":["post-1330","post","type-post","status-publish","format-standard","has-post-thumbnail","hentry","category-equipo","tag-equipo"],"yoast_head":"<!-- This site is optimized with the Yoast SEO plugin v27.2 - https:\/\/yoast.com\/product\/yoast-seo-wordpress\/ -->\n<title>Francisco Zenteno - Fundacion Lobeliana<\/title>\n<meta name=\"robots\" content=\"index, follow, max-snippet:-1, max-image-preview:large, max-video-preview:-1\" \/>\n<link rel=\"canonical\" href=\"https:\/\/fundacionlobeliana.org\/en\/francisco-zenteno\/\" \/>\n<meta property=\"og:locale\" content=\"en_GB\" \/>\n<meta property=\"og:type\" content=\"article\" \/>\n<meta property=\"og:title\" content=\"Francisco Zenteno - Fundacion Lobeliana\" \/>\n<meta property=\"og:description\" content=\"Director Asociado fzenteno@fundacionlobeliana.org\" \/>\n<meta property=\"og:url\" content=\"https:\/\/fundacionlobeliana.org\/en\/francisco-zenteno\/\" \/>\n<meta property=\"og:site_name\" content=\"Fundacion Lobeliana\" \/>\n<meta property=\"article:published_time\" content=\"2026-01-12T22:43:06+00:00\" \/>\n<meta property=\"article:modified_time\" content=\"2026-01-12T22:43:49+00:00\" \/>\n<meta property=\"og:image\" content=\"https:\/\/fundacionlobeliana.org\/wp-content\/uploads\/2026\/01\/Francisco-Zenteno.jpg\" \/>\n\t<meta property=\"og:image:width\" content=\"400\" \/>\n\t<meta property=\"og:image:height\" content=\"400\" \/>\n\t<meta property=\"og:image:type\" content=\"image\/jpeg\" \/>\n<meta name=\"author\" content=\"angienaveaj\" \/>\n<meta name=\"twitter:card\" content=\"summary_large_image\" \/>\n<meta name=\"twitter:label1\" content=\"Written by\" \/>\n\t<meta name=\"twitter:data1\" content=\"angienaveaj\" \/>\n\t<meta name=\"twitter:label2\" content=\"Estimated reading time\" \/>\n\t<meta name=\"twitter:data2\" content=\"1 minute\" \/>\n<script type=\"application\/ld+json\" class=\"yoast-schema-graph\">{\"@context\":\"https:\/\/schema.org\",\"@graph\":[{\"@type\":\"Article\",\"@id\":\"https:\/\/fundacionlobeliana.org\/francisco-zenteno\/#article\",\"isPartOf\":{\"@id\":\"https:\/\/fundacionlobeliana.org\/francisco-zenteno\/\"},\"author\":{\"name\":\"angienaveaj\",\"@id\":\"https:\/\/fundacionlobeliana.org\/#\/schema\/person\/db50f40d8e0b513e10c4f5113b63878e\"},\"headline\":\"Francisco Zenteno\",\"datePublished\":\"2026-01-12T22:43:06+00:00\",\"dateModified\":\"2026-01-12T22:43:49+00:00\",\"mainEntityOfPage\":{\"@id\":\"https:\/\/fundacionlobeliana.org\/francisco-zenteno\/\"},\"wordCount\":149,\"commentCount\":0,\"publisher\":{\"@id\":\"https:\/\/fundacionlobeliana.org\/#organization\"},\"image\":{\"@id\":\"https:\/\/fundacionlobeliana.org\/francisco-zenteno\/#primaryimage\"},\"thumbnailUrl\":\"https:\/\/fundacionlobeliana.org\/wp-content\/uploads\/2026\/01\/Francisco-Zenteno.jpg\",\"keywords\":[\"Equipo\"],\"articleSection\":[\"Equipo\"],\"inLanguage\":\"en-GB\",\"potentialAction\":[{\"@type\":\"CommentAction\",\"name\":\"Comment\",\"target\":[\"https:\/\/fundacionlobeliana.org\/francisco-zenteno\/#respond\"]}]},{\"@type\":\"WebPage\",\"@id\":\"https:\/\/fundacionlobeliana.org\/francisco-zenteno\/\",\"url\":\"https:\/\/fundacionlobeliana.org\/francisco-zenteno\/\",\"name\":\"Francisco Zenteno - Fundacion Lobeliana\",\"isPartOf\":{\"@id\":\"https:\/\/fundacionlobeliana.org\/#website\"},\"primaryImageOfPage\":{\"@id\":\"https:\/\/fundacionlobeliana.org\/francisco-zenteno\/#primaryimage\"},\"image\":{\"@id\":\"https:\/\/fundacionlobeliana.org\/francisco-zenteno\/#primaryimage\"},\"thumbnailUrl\":\"https:\/\/fundacionlobeliana.org\/wp-content\/uploads\/2026\/01\/Francisco-Zenteno.jpg\",\"datePublished\":\"2026-01-12T22:43:06+00:00\",\"dateModified\":\"2026-01-12T22:43:49+00:00\",\"breadcrumb\":{\"@id\":\"https:\/\/fundacionlobeliana.org\/francisco-zenteno\/#breadcrumb\"},\"inLanguage\":\"en-GB\",\"potentialAction\":[{\"@type\":\"ReadAction\",\"target\":[\"https:\/\/fundacionlobeliana.org\/francisco-zenteno\/\"]}]},{\"@type\":\"ImageObject\",\"inLanguage\":\"en-GB\",\"@id\":\"https:\/\/fundacionlobeliana.org\/francisco-zenteno\/#primaryimage\",\"url\":\"https:\/\/fundacionlobeliana.org\/wp-content\/uploads\/2026\/01\/Francisco-Zenteno.jpg\",\"contentUrl\":\"https:\/\/fundacionlobeliana.org\/wp-content\/uploads\/2026\/01\/Francisco-Zenteno.jpg\",\"width\":400,\"height\":400},{\"@type\":\"BreadcrumbList\",\"@id\":\"https:\/\/fundacionlobeliana.org\/francisco-zenteno\/#breadcrumb\",\"itemListElement\":[{\"@type\":\"ListItem\",\"position\":1,\"name\":\"Portada\",\"item\":\"https:\/\/fundacionlobeliana.org\/\"},{\"@type\":\"ListItem\",\"position\":2,\"name\":\"Francisco Zenteno\"}]},{\"@type\":\"WebSite\",\"@id\":\"https:\/\/fundacionlobeliana.org\/#website\",\"url\":\"https:\/\/fundacionlobeliana.org\/\",\"name\":\"Fundacion Lobeliana\",\"description\":\"Organizaci\u00f3n sin fines de lucro que tiene como misi\u00f3n el rescatar, actualizar, visibilizar y hacer disponible el conocimiento acumulado hasta hoy sobre f\u00e1rmacos naturales y psicoactivos\",\"publisher\":{\"@id\":\"https:\/\/fundacionlobeliana.org\/#organization\"},\"potentialAction\":[{\"@type\":\"SearchAction\",\"target\":{\"@type\":\"EntryPoint\",\"urlTemplate\":\"https:\/\/fundacionlobeliana.org\/?s={search_term_string}\"},\"query-input\":{\"@type\":\"PropertyValueSpecification\",\"valueRequired\":true,\"valueName\":\"search_term_string\"}}],\"inLanguage\":\"en-GB\"},{\"@type\":\"Organization\",\"@id\":\"https:\/\/fundacionlobeliana.org\/#organization\",\"name\":\"Fundacion Lobeliana\",\"url\":\"https:\/\/fundacionlobeliana.org\/\",\"logo\":{\"@type\":\"ImageObject\",\"inLanguage\":\"en-GB\",\"@id\":\"https:\/\/fundacionlobeliana.org\/#\/schema\/logo\/image\/\",\"url\":\"https:\/\/fundacionlobeliana.org\/wp-content\/uploads\/2025\/09\/logo_fundacion_lobeliana-02.png\",\"contentUrl\":\"https:\/\/fundacionlobeliana.org\/wp-content\/uploads\/2025\/09\/logo_fundacion_lobeliana-02.png\",\"width\":571,\"height\":718,\"caption\":\"Fundacion Lobeliana\"},\"image\":{\"@id\":\"https:\/\/fundacionlobeliana.org\/#\/schema\/logo\/image\/\"}},{\"@type\":\"Person\",\"@id\":\"https:\/\/fundacionlobeliana.org\/#\/schema\/person\/db50f40d8e0b513e10c4f5113b63878e\",\"name\":\"angienaveaj\",\"image\":{\"@type\":\"ImageObject\",\"inLanguage\":\"en-GB\",\"@id\":\"https:\/\/secure.gravatar.com\/avatar\/6d4ae7adc69c71560df2274e0971ed1f4a3aa48ccbc300b79f3497a94aaf3ed4?s=96&d=mm&r=g\",\"url\":\"https:\/\/secure.gravatar.com\/avatar\/6d4ae7adc69c71560df2274e0971ed1f4a3aa48ccbc300b79f3497a94aaf3ed4?s=96&d=mm&r=g\",\"contentUrl\":\"https:\/\/secure.gravatar.com\/avatar\/6d4ae7adc69c71560df2274e0971ed1f4a3aa48ccbc300b79f3497a94aaf3ed4?s=96&d=mm&r=g\",\"caption\":\"angienaveaj\"},\"sameAs\":[\"https:\/\/fundacionlobeliana.org\"],\"url\":\"https:\/\/fundacionlobeliana.org\/en\/author\/angienaveaj\/\"}]}<\/script>\n<!-- \/ Yoast SEO plugin. -->","yoast_head_json":{"title":"Francisco Zenteno - Fundacion Lobeliana","robots":{"index":"index","follow":"follow","max-snippet":"max-snippet:-1","max-image-preview":"max-image-preview:large","max-video-preview":"max-video-preview:-1"},"canonical":"https:\/\/fundacionlobeliana.org\/en\/francisco-zenteno\/","og_locale":"en_GB","og_type":"article","og_title":"Francisco Zenteno - Fundacion Lobeliana","og_description":"Director Asociado fzenteno@fundacionlobeliana.org","og_url":"https:\/\/fundacionlobeliana.org\/en\/francisco-zenteno\/","og_site_name":"Fundacion Lobeliana","article_published_time":"2026-01-12T22:43:06+00:00","article_modified_time":"2026-01-12T22:43:49+00:00","og_image":[{"width":400,"height":400,"url":"https:\/\/fundacionlobeliana.org\/wp-content\/uploads\/2026\/01\/Francisco-Zenteno.jpg","type":"image\/jpeg"}],"author":"angienaveaj","twitter_card":"summary_large_image","twitter_misc":{"Written by":"angienaveaj","Estimated reading time":"1 minute"},"schema":{"@context":"https:\/\/schema.org","@graph":[{"@type":"Article","@id":"https:\/\/fundacionlobeliana.org\/francisco-zenteno\/#article","isPartOf":{"@id":"https:\/\/fundacionlobeliana.org\/francisco-zenteno\/"},"author":{"name":"angienaveaj","@id":"https:\/\/fundacionlobeliana.org\/#\/schema\/person\/db50f40d8e0b513e10c4f5113b63878e"},"headline":"Francisco Zenteno","datePublished":"2026-01-12T22:43:06+00:00","dateModified":"2026-01-12T22:43:49+00:00","mainEntityOfPage":{"@id":"https:\/\/fundacionlobeliana.org\/francisco-zenteno\/"},"wordCount":149,"commentCount":0,"publisher":{"@id":"https:\/\/fundacionlobeliana.org\/#organization"},"image":{"@id":"https:\/\/fundacionlobeliana.org\/francisco-zenteno\/#primaryimage"},"thumbnailUrl":"https:\/\/fundacionlobeliana.org\/wp-content\/uploads\/2026\/01\/Francisco-Zenteno.jpg","keywords":["Equipo"],"articleSection":["Equipo"],"inLanguage":"en-GB","potentialAction":[{"@type":"CommentAction","name":"Comment","target":["https:\/\/fundacionlobeliana.org\/francisco-zenteno\/#respond"]}]},{"@type":"WebPage","@id":"https:\/\/fundacionlobeliana.org\/francisco-zenteno\/","url":"https:\/\/fundacionlobeliana.org\/francisco-zenteno\/","name":"Francisco Zenteno - Fundacion Lobeliana","isPartOf":{"@id":"https:\/\/fundacionlobeliana.org\/#website"},"primaryImageOfPage":{"@id":"https:\/\/fundacionlobeliana.org\/francisco-zenteno\/#primaryimage"},"image":{"@id":"https:\/\/fundacionlobeliana.org\/francisco-zenteno\/#primaryimage"},"thumbnailUrl":"https:\/\/fundacionlobeliana.org\/wp-content\/uploads\/2026\/01\/Francisco-Zenteno.jpg","datePublished":"2026-01-12T22:43:06+00:00","dateModified":"2026-01-12T22:43:49+00:00","breadcrumb":{"@id":"https:\/\/fundacionlobeliana.org\/francisco-zenteno\/#breadcrumb"},"inLanguage":"en-GB","potentialAction":[{"@type":"ReadAction","target":["https:\/\/fundacionlobeliana.org\/francisco-zenteno\/"]}]},{"@type":"ImageObject","inLanguage":"en-GB","@id":"https:\/\/fundacionlobeliana.org\/francisco-zenteno\/#primaryimage","url":"https:\/\/fundacionlobeliana.org\/wp-content\/uploads\/2026\/01\/Francisco-Zenteno.jpg","contentUrl":"https:\/\/fundacionlobeliana.org\/wp-content\/uploads\/2026\/01\/Francisco-Zenteno.jpg","width":400,"height":400},{"@type":"BreadcrumbList","@id":"https:\/\/fundacionlobeliana.org\/francisco-zenteno\/#breadcrumb","itemListElement":[{"@type":"ListItem","position":1,"name":"Portada","item":"https:\/\/fundacionlobeliana.org\/"},{"@type":"ListItem","position":2,"name":"Francisco Zenteno"}]},{"@type":"WebSite","@id":"https:\/\/fundacionlobeliana.org\/#website","url":"https:\/\/fundacionlobeliana.org\/","name":"Fundacion Lobeliana","description":"Organizaci\u00f3n sin fines de lucro que tiene como misi\u00f3n el rescatar, actualizar, visibilizar y hacer disponible el conocimiento acumulado hasta hoy sobre f\u00e1rmacos naturales y psicoactivos","publisher":{"@id":"https:\/\/fundacionlobeliana.org\/#organization"},"potentialAction":[{"@type":"SearchAction","target":{"@type":"EntryPoint","urlTemplate":"https:\/\/fundacionlobeliana.org\/?s={search_term_string}"},"query-input":{"@type":"PropertyValueSpecification","valueRequired":true,"valueName":"search_term_string"}}],"inLanguage":"en-GB"},{"@type":"Organization","@id":"https:\/\/fundacionlobeliana.org\/#organization","name":"Fundacion Lobeliana","url":"https:\/\/fundacionlobeliana.org\/","logo":{"@type":"ImageObject","inLanguage":"en-GB","@id":"https:\/\/fundacionlobeliana.org\/#\/schema\/logo\/image\/","url":"https:\/\/fundacionlobeliana.org\/wp-content\/uploads\/2025\/09\/logo_fundacion_lobeliana-02.png","contentUrl":"https:\/\/fundacionlobeliana.org\/wp-content\/uploads\/2025\/09\/logo_fundacion_lobeliana-02.png","width":571,"height":718,"caption":"Fundacion Lobeliana"},"image":{"@id":"https:\/\/fundacionlobeliana.org\/#\/schema\/logo\/image\/"}},{"@type":"Person","@id":"https:\/\/fundacionlobeliana.org\/#\/schema\/person\/db50f40d8e0b513e10c4f5113b63878e","name":"angienaveaj","image":{"@type":"ImageObject","inLanguage":"en-GB","@id":"https:\/\/secure.gravatar.com\/avatar\/6d4ae7adc69c71560df2274e0971ed1f4a3aa48ccbc300b79f3497a94aaf3ed4?s=96&d=mm&r=g","url":"https:\/\/secure.gravatar.com\/avatar\/6d4ae7adc69c71560df2274e0971ed1f4a3aa48ccbc300b79f3497a94aaf3ed4?s=96&d=mm&r=g","contentUrl":"https:\/\/secure.gravatar.com\/avatar\/6d4ae7adc69c71560df2274e0971ed1f4a3aa48ccbc300b79f3497a94aaf3ed4?s=96&d=mm&r=g","caption":"angienaveaj"},"sameAs":["https:\/\/fundacionlobeliana.org"],"url":"https:\/\/fundacionlobeliana.org\/en\/author\/angienaveaj\/"}]}},"_links":{"self":[{"href":"https:\/\/fundacionlobeliana.org\/en\/wp-json\/wp\/v2\/posts\/1330","targetHints":{"allow":["GET"]}}],"collection":[{"href":"https:\/\/fundacionlobeliana.org\/en\/wp-json\/wp\/v2\/posts"}],"about":[{"href":"https:\/\/fundacionlobeliana.org\/en\/wp-json\/wp\/v2\/types\/post"}],"author":[{"embeddable":true,"href":"https:\/\/fundacionlobeliana.org\/en\/wp-json\/wp\/v2\/users\/1"}],"replies":[{"embeddable":true,"href":"https:\/\/fundacionlobeliana.org\/en\/wp-json\/wp\/v2\/comments?post=1330"}],"version-history":[{"count":1,"href":"https:\/\/fundacionlobeliana.org\/en\/wp-json\/wp\/v2\/posts\/1330\/revisions"}],"predecessor-version":[{"id":1331,"href":"https:\/\/fundacionlobeliana.org\/en\/wp-json\/wp\/v2\/posts\/1330\/revisions\/1331"}],"wp:featuredmedia":[{"embeddable":true,"href":"https:\/\/fundacionlobeliana.org\/en\/wp-json\/wp\/v2\/media\/1255"}],"wp:attachment":[{"href":"https:\/\/fundacionlobeliana.org\/en\/wp-json\/wp\/v2\/media?parent=1330"}],"wp:term":[{"taxonomy":"category","embeddable":true,"href":"https:\/\/fundacionlobeliana.org\/en\/wp-json\/wp\/v2\/categories?post=1330"},{"taxonomy":"post_tag","embeddable":true,"href":"https:\/\/fundacionlobeliana.org\/en\/wp-json\/wp\/v2\/tags?post=1330"}],"curies":[{"name":"wp","href":"https:\/\/api.w.org\/{rel}","templated":true}]}}