{"id":1332,"date":"2026-01-12T22:44:18","date_gmt":"2026-01-12T22:44:18","guid":{"rendered":"https:\/\/fundacionlobeliana.org\/?p=1332"},"modified":"2026-01-12T22:49:04","modified_gmt":"2026-01-12T22:49:04","slug":"jonathan-ott","status":"publish","type":"post","link":"https:\/\/fundacionlobeliana.org\/en\/jonathan-ott\/","title":{"rendered":"Jonathan Ott"},"content":{"rendered":"<p>Writer, phytochemist, and ethnopharmacognosist (a word coined to describe his own profession). He currently dedicates himself to literature; he has written thirteen books, including: <em>Pharmacotheon: Entheogenic Drugs, Their Botanical Sources and Their History <\/em>[1993, 1996]; <em>An\u00e1logos de la ayahuasca: ente\u00f3genos pangeicos <\/em>[1994, 1995, 2006]; <em>Pharmacophilia, o los para\u00edsos naturales <\/em>[1997, 1998]; <em>Shamanic Snuffs or Entheogenic Errhines <\/em>[2001; with the forthcoming edition of a Spanish version]; and <em>Coca und Kokain <\/em>[in German, with Christian R\u00e4tsch, 2003; partial versions in Spanish and English forthcoming]. His most recent book (and second literary work) is <em>Mute Words. Silent Spectres of Speech <\/em>\/ <em>Sigil\u2013Skeletons of Sound: The Ecstasy of Speech <\/em>(still unpublished: it will eventually be written in Spanish as well; soon to be published in both languages). He is working on (a second volume for <em>Pharmacophilia<\/em>): <em>Pharmacomania, or Mr. Jekyll and Dr. Hyde: The literary creation of \"addicts\" and \"alcoholics\" <\/em>(which will be released soon in Spanish and English: the former as part of a series of his books in deluxe editions). He also plans to publish seven titles (both in Spanish and English) as ebooks.<\/p>\n\n\n\n<p><\/p>","protected":false},"excerpt":{"rendered":"<p>Director Emeritus<\/p>","protected":false},"author":1,"featured_media":1256,"comment_status":"open","ping_status":"open","sticky":false,"template":"","format":"standard","meta":{"footnotes":""},"categories":[34],"tags":[33],"class_list":["post-1332","post","type-post","status-publish","format-standard","has-post-thumbnail","hentry","category-equipo","tag-equipo"],"yoast_head":"<!-- This site is optimized with the Yoast SEO plugin v27.2 - https:\/\/yoast.com\/product\/yoast-seo-wordpress\/ -->\n<title>Jonathan Ott - Fundacion Lobeliana<\/title>\n<meta name=\"robots\" content=\"index, follow, max-snippet:-1, max-image-preview:large, max-video-preview:-1\" \/>\n<link rel=\"canonical\" href=\"https:\/\/fundacionlobeliana.org\/en\/jonathan-ott\/\" \/>\n<meta property=\"og:locale\" content=\"en_GB\" \/>\n<meta property=\"og:type\" content=\"article\" \/>\n<meta property=\"og:title\" content=\"Jonathan Ott - Fundacion Lobeliana\" \/>\n<meta property=\"og:description\" content=\"Director Emeritus\" \/>\n<meta property=\"og:url\" content=\"https:\/\/fundacionlobeliana.org\/en\/jonathan-ott\/\" \/>\n<meta property=\"og:site_name\" content=\"Fundacion Lobeliana\" \/>\n<meta property=\"article:published_time\" content=\"2026-01-12T22:44:18+00:00\" \/>\n<meta property=\"article:modified_time\" content=\"2026-01-12T22:49:04+00:00\" \/>\n<meta property=\"og:image\" content=\"https:\/\/fundacionlobeliana.org\/wp-content\/uploads\/2026\/01\/Jonathan-Ott.jpg\" \/>\n\t<meta property=\"og:image:width\" content=\"400\" \/>\n\t<meta property=\"og:image:height\" content=\"400\" \/>\n\t<meta property=\"og:image:type\" content=\"image\/jpeg\" \/>\n<meta name=\"author\" content=\"angienaveaj\" \/>\n<meta name=\"twitter:card\" content=\"summary_large_image\" \/>\n<meta name=\"twitter:label1\" content=\"Written by\" \/>\n\t<meta name=\"twitter:data1\" content=\"angienaveaj\" \/>\n\t<meta name=\"twitter:label2\" content=\"Estimated reading time\" \/>\n\t<meta name=\"twitter:data2\" content=\"2 minutes\" \/>\n<script type=\"application\/ld+json\" class=\"yoast-schema-graph\">{\"@context\":\"https:\/\/schema.org\",\"@graph\":[{\"@type\":\"Article\",\"@id\":\"https:\/\/fundacionlobeliana.org\/jonathan-ott\/#article\",\"isPartOf\":{\"@id\":\"https:\/\/fundacionlobeliana.org\/jonathan-ott\/\"},\"author\":{\"name\":\"angienaveaj\",\"@id\":\"https:\/\/fundacionlobeliana.org\/#\/schema\/person\/db50f40d8e0b513e10c4f5113b63878e\"},\"headline\":\"Jonathan Ott\",\"datePublished\":\"2026-01-12T22:44:18+00:00\",\"dateModified\":\"2026-01-12T22:49:04+00:00\",\"mainEntityOfPage\":{\"@id\":\"https:\/\/fundacionlobeliana.org\/jonathan-ott\/\"},\"wordCount\":199,\"commentCount\":0,\"publisher\":{\"@id\":\"https:\/\/fundacionlobeliana.org\/#organization\"},\"image\":{\"@id\":\"https:\/\/fundacionlobeliana.org\/jonathan-ott\/#primaryimage\"},\"thumbnailUrl\":\"https:\/\/fundacionlobeliana.org\/wp-content\/uploads\/2026\/01\/Jonathan-Ott.jpg\",\"keywords\":[\"Equipo\"],\"articleSection\":[\"Equipo\"],\"inLanguage\":\"en-GB\",\"potentialAction\":[{\"@type\":\"CommentAction\",\"name\":\"Comment\",\"target\":[\"https:\/\/fundacionlobeliana.org\/jonathan-ott\/#respond\"]}]},{\"@type\":\"WebPage\",\"@id\":\"https:\/\/fundacionlobeliana.org\/jonathan-ott\/\",\"url\":\"https:\/\/fundacionlobeliana.org\/jonathan-ott\/\",\"name\":\"Jonathan Ott - Fundacion Lobeliana\",\"isPartOf\":{\"@id\":\"https:\/\/fundacionlobeliana.org\/#website\"},\"primaryImageOfPage\":{\"@id\":\"https:\/\/fundacionlobeliana.org\/jonathan-ott\/#primaryimage\"},\"image\":{\"@id\":\"https:\/\/fundacionlobeliana.org\/jonathan-ott\/#primaryimage\"},\"thumbnailUrl\":\"https:\/\/fundacionlobeliana.org\/wp-content\/uploads\/2026\/01\/Jonathan-Ott.jpg\",\"datePublished\":\"2026-01-12T22:44:18+00:00\",\"dateModified\":\"2026-01-12T22:49:04+00:00\",\"breadcrumb\":{\"@id\":\"https:\/\/fundacionlobeliana.org\/jonathan-ott\/#breadcrumb\"},\"inLanguage\":\"en-GB\",\"potentialAction\":[{\"@type\":\"ReadAction\",\"target\":[\"https:\/\/fundacionlobeliana.org\/jonathan-ott\/\"]}]},{\"@type\":\"ImageObject\",\"inLanguage\":\"en-GB\",\"@id\":\"https:\/\/fundacionlobeliana.org\/jonathan-ott\/#primaryimage\",\"url\":\"https:\/\/fundacionlobeliana.org\/wp-content\/uploads\/2026\/01\/Jonathan-Ott.jpg\",\"contentUrl\":\"https:\/\/fundacionlobeliana.org\/wp-content\/uploads\/2026\/01\/Jonathan-Ott.jpg\",\"width\":400,\"height\":400},{\"@type\":\"BreadcrumbList\",\"@id\":\"https:\/\/fundacionlobeliana.org\/jonathan-ott\/#breadcrumb\",\"itemListElement\":[{\"@type\":\"ListItem\",\"position\":1,\"name\":\"Portada\",\"item\":\"https:\/\/fundacionlobeliana.org\/\"},{\"@type\":\"ListItem\",\"position\":2,\"name\":\"Jonathan Ott\"}]},{\"@type\":\"WebSite\",\"@id\":\"https:\/\/fundacionlobeliana.org\/#website\",\"url\":\"https:\/\/fundacionlobeliana.org\/\",\"name\":\"Fundacion Lobeliana\",\"description\":\"Organizaci\u00f3n sin fines de lucro que tiene como misi\u00f3n el rescatar, actualizar, visibilizar y hacer disponible el conocimiento acumulado hasta hoy sobre f\u00e1rmacos naturales y psicoactivos\",\"publisher\":{\"@id\":\"https:\/\/fundacionlobeliana.org\/#organization\"},\"potentialAction\":[{\"@type\":\"SearchAction\",\"target\":{\"@type\":\"EntryPoint\",\"urlTemplate\":\"https:\/\/fundacionlobeliana.org\/?s={search_term_string}\"},\"query-input\":{\"@type\":\"PropertyValueSpecification\",\"valueRequired\":true,\"valueName\":\"search_term_string\"}}],\"inLanguage\":\"en-GB\"},{\"@type\":\"Organization\",\"@id\":\"https:\/\/fundacionlobeliana.org\/#organization\",\"name\":\"Fundacion Lobeliana\",\"url\":\"https:\/\/fundacionlobeliana.org\/\",\"logo\":{\"@type\":\"ImageObject\",\"inLanguage\":\"en-GB\",\"@id\":\"https:\/\/fundacionlobeliana.org\/#\/schema\/logo\/image\/\",\"url\":\"https:\/\/fundacionlobeliana.org\/wp-content\/uploads\/2025\/09\/logo_fundacion_lobeliana-02.png\",\"contentUrl\":\"https:\/\/fundacionlobeliana.org\/wp-content\/uploads\/2025\/09\/logo_fundacion_lobeliana-02.png\",\"width\":571,\"height\":718,\"caption\":\"Fundacion Lobeliana\"},\"image\":{\"@id\":\"https:\/\/fundacionlobeliana.org\/#\/schema\/logo\/image\/\"}},{\"@type\":\"Person\",\"@id\":\"https:\/\/fundacionlobeliana.org\/#\/schema\/person\/db50f40d8e0b513e10c4f5113b63878e\",\"name\":\"angienaveaj\",\"image\":{\"@type\":\"ImageObject\",\"inLanguage\":\"en-GB\",\"@id\":\"https:\/\/secure.gravatar.com\/avatar\/6d4ae7adc69c71560df2274e0971ed1f4a3aa48ccbc300b79f3497a94aaf3ed4?s=96&d=mm&r=g\",\"url\":\"https:\/\/secure.gravatar.com\/avatar\/6d4ae7adc69c71560df2274e0971ed1f4a3aa48ccbc300b79f3497a94aaf3ed4?s=96&d=mm&r=g\",\"contentUrl\":\"https:\/\/secure.gravatar.com\/avatar\/6d4ae7adc69c71560df2274e0971ed1f4a3aa48ccbc300b79f3497a94aaf3ed4?s=96&d=mm&r=g\",\"caption\":\"angienaveaj\"},\"sameAs\":[\"https:\/\/fundacionlobeliana.org\"],\"url\":\"https:\/\/fundacionlobeliana.org\/en\/author\/angienaveaj\/\"}]}<\/script>\n<!-- \/ Yoast SEO plugin. -->","yoast_head_json":{"title":"Jonathan Ott - Fundacion Lobeliana","robots":{"index":"index","follow":"follow","max-snippet":"max-snippet:-1","max-image-preview":"max-image-preview:large","max-video-preview":"max-video-preview:-1"},"canonical":"https:\/\/fundacionlobeliana.org\/en\/jonathan-ott\/","og_locale":"en_GB","og_type":"article","og_title":"Jonathan Ott - Fundacion Lobeliana","og_description":"Director Emeritus","og_url":"https:\/\/fundacionlobeliana.org\/en\/jonathan-ott\/","og_site_name":"Fundacion Lobeliana","article_published_time":"2026-01-12T22:44:18+00:00","article_modified_time":"2026-01-12T22:49:04+00:00","og_image":[{"width":400,"height":400,"url":"https:\/\/fundacionlobeliana.org\/wp-content\/uploads\/2026\/01\/Jonathan-Ott.jpg","type":"image\/jpeg"}],"author":"angienaveaj","twitter_card":"summary_large_image","twitter_misc":{"Written by":"angienaveaj","Estimated reading time":"2 minutes"},"schema":{"@context":"https:\/\/schema.org","@graph":[{"@type":"Article","@id":"https:\/\/fundacionlobeliana.org\/jonathan-ott\/#article","isPartOf":{"@id":"https:\/\/fundacionlobeliana.org\/jonathan-ott\/"},"author":{"name":"angienaveaj","@id":"https:\/\/fundacionlobeliana.org\/#\/schema\/person\/db50f40d8e0b513e10c4f5113b63878e"},"headline":"Jonathan Ott","datePublished":"2026-01-12T22:44:18+00:00","dateModified":"2026-01-12T22:49:04+00:00","mainEntityOfPage":{"@id":"https:\/\/fundacionlobeliana.org\/jonathan-ott\/"},"wordCount":199,"commentCount":0,"publisher":{"@id":"https:\/\/fundacionlobeliana.org\/#organization"},"image":{"@id":"https:\/\/fundacionlobeliana.org\/jonathan-ott\/#primaryimage"},"thumbnailUrl":"https:\/\/fundacionlobeliana.org\/wp-content\/uploads\/2026\/01\/Jonathan-Ott.jpg","keywords":["Equipo"],"articleSection":["Equipo"],"inLanguage":"en-GB","potentialAction":[{"@type":"CommentAction","name":"Comment","target":["https:\/\/fundacionlobeliana.org\/jonathan-ott\/#respond"]}]},{"@type":"WebPage","@id":"https:\/\/fundacionlobeliana.org\/jonathan-ott\/","url":"https:\/\/fundacionlobeliana.org\/jonathan-ott\/","name":"Jonathan Ott - Fundacion Lobeliana","isPartOf":{"@id":"https:\/\/fundacionlobeliana.org\/#website"},"primaryImageOfPage":{"@id":"https:\/\/fundacionlobeliana.org\/jonathan-ott\/#primaryimage"},"image":{"@id":"https:\/\/fundacionlobeliana.org\/jonathan-ott\/#primaryimage"},"thumbnailUrl":"https:\/\/fundacionlobeliana.org\/wp-content\/uploads\/2026\/01\/Jonathan-Ott.jpg","datePublished":"2026-01-12T22:44:18+00:00","dateModified":"2026-01-12T22:49:04+00:00","breadcrumb":{"@id":"https:\/\/fundacionlobeliana.org\/jonathan-ott\/#breadcrumb"},"inLanguage":"en-GB","potentialAction":[{"@type":"ReadAction","target":["https:\/\/fundacionlobeliana.org\/jonathan-ott\/"]}]},{"@type":"ImageObject","inLanguage":"en-GB","@id":"https:\/\/fundacionlobeliana.org\/jonathan-ott\/#primaryimage","url":"https:\/\/fundacionlobeliana.org\/wp-content\/uploads\/2026\/01\/Jonathan-Ott.jpg","contentUrl":"https:\/\/fundacionlobeliana.org\/wp-content\/uploads\/2026\/01\/Jonathan-Ott.jpg","width":400,"height":400},{"@type":"BreadcrumbList","@id":"https:\/\/fundacionlobeliana.org\/jonathan-ott\/#breadcrumb","itemListElement":[{"@type":"ListItem","position":1,"name":"Portada","item":"https:\/\/fundacionlobeliana.org\/"},{"@type":"ListItem","position":2,"name":"Jonathan Ott"}]},{"@type":"WebSite","@id":"https:\/\/fundacionlobeliana.org\/#website","url":"https:\/\/fundacionlobeliana.org\/","name":"Fundacion Lobeliana","description":"Organizaci\u00f3n sin fines de lucro que tiene como misi\u00f3n el rescatar, actualizar, visibilizar y hacer disponible el conocimiento acumulado hasta hoy sobre f\u00e1rmacos naturales y psicoactivos","publisher":{"@id":"https:\/\/fundacionlobeliana.org\/#organization"},"potentialAction":[{"@type":"SearchAction","target":{"@type":"EntryPoint","urlTemplate":"https:\/\/fundacionlobeliana.org\/?s={search_term_string}"},"query-input":{"@type":"PropertyValueSpecification","valueRequired":true,"valueName":"search_term_string"}}],"inLanguage":"en-GB"},{"@type":"Organization","@id":"https:\/\/fundacionlobeliana.org\/#organization","name":"Fundacion Lobeliana","url":"https:\/\/fundacionlobeliana.org\/","logo":{"@type":"ImageObject","inLanguage":"en-GB","@id":"https:\/\/fundacionlobeliana.org\/#\/schema\/logo\/image\/","url":"https:\/\/fundacionlobeliana.org\/wp-content\/uploads\/2025\/09\/logo_fundacion_lobeliana-02.png","contentUrl":"https:\/\/fundacionlobeliana.org\/wp-content\/uploads\/2025\/09\/logo_fundacion_lobeliana-02.png","width":571,"height":718,"caption":"Fundacion Lobeliana"},"image":{"@id":"https:\/\/fundacionlobeliana.org\/#\/schema\/logo\/image\/"}},{"@type":"Person","@id":"https:\/\/fundacionlobeliana.org\/#\/schema\/person\/db50f40d8e0b513e10c4f5113b63878e","name":"angienaveaj","image":{"@type":"ImageObject","inLanguage":"en-GB","@id":"https:\/\/secure.gravatar.com\/avatar\/6d4ae7adc69c71560df2274e0971ed1f4a3aa48ccbc300b79f3497a94aaf3ed4?s=96&d=mm&r=g","url":"https:\/\/secure.gravatar.com\/avatar\/6d4ae7adc69c71560df2274e0971ed1f4a3aa48ccbc300b79f3497a94aaf3ed4?s=96&d=mm&r=g","contentUrl":"https:\/\/secure.gravatar.com\/avatar\/6d4ae7adc69c71560df2274e0971ed1f4a3aa48ccbc300b79f3497a94aaf3ed4?s=96&d=mm&r=g","caption":"angienaveaj"},"sameAs":["https:\/\/fundacionlobeliana.org"],"url":"https:\/\/fundacionlobeliana.org\/en\/author\/angienaveaj\/"}]}},"_links":{"self":[{"href":"https:\/\/fundacionlobeliana.org\/en\/wp-json\/wp\/v2\/posts\/1332","targetHints":{"allow":["GET"]}}],"collection":[{"href":"https:\/\/fundacionlobeliana.org\/en\/wp-json\/wp\/v2\/posts"}],"about":[{"href":"https:\/\/fundacionlobeliana.org\/en\/wp-json\/wp\/v2\/types\/post"}],"author":[{"embeddable":true,"href":"https:\/\/fundacionlobeliana.org\/en\/wp-json\/wp\/v2\/users\/1"}],"replies":[{"embeddable":true,"href":"https:\/\/fundacionlobeliana.org\/en\/wp-json\/wp\/v2\/comments?post=1332"}],"version-history":[{"count":2,"href":"https:\/\/fundacionlobeliana.org\/en\/wp-json\/wp\/v2\/posts\/1332\/revisions"}],"predecessor-version":[{"id":1337,"href":"https:\/\/fundacionlobeliana.org\/en\/wp-json\/wp\/v2\/posts\/1332\/revisions\/1337"}],"wp:featuredmedia":[{"embeddable":true,"href":"https:\/\/fundacionlobeliana.org\/en\/wp-json\/wp\/v2\/media\/1256"}],"wp:attachment":[{"href":"https:\/\/fundacionlobeliana.org\/en\/wp-json\/wp\/v2\/media?parent=1332"}],"wp:term":[{"taxonomy":"category","embeddable":true,"href":"https:\/\/fundacionlobeliana.org\/en\/wp-json\/wp\/v2\/categories?post=1332"},{"taxonomy":"post_tag","embeddable":true,"href":"https:\/\/fundacionlobeliana.org\/en\/wp-json\/wp\/v2\/tags?post=1332"}],"curies":[{"name":"wp","href":"https:\/\/api.w.org\/{rel}","templated":true}]}}