{"id":1342,"date":"2026-01-12T22:51:09","date_gmt":"2026-01-12T22:51:09","guid":{"rendered":"https:\/\/fundacionlobeliana.org\/?p=1342"},"modified":"2026-01-12T22:51:29","modified_gmt":"2026-01-12T22:51:29","slug":"giuliana-furci","status":"publish","type":"post","link":"https:\/\/fundacionlobeliana.org\/en\/giuliana-furci\/","title":{"rendered":"Giuliana Furci"},"content":{"rendered":"<p>Field mycologist and founder of the Fungi Foundation. Recognized worldwide for her work in fungal conservation, author of field guides and a leading figure in the inclusion of fungi in global conservation.<\/p>\n\n\n\n<p>Giuliana Furci is a field mycologist, founder, and executive director of Fundaci\u00f3n Fungi. She is an associate of Harvard University, a National Geographic Explorer, a Dame of the Order of the Star of Italy, vice-chair of the IUCN Committee on Fungal Conservation, and the author of several books, including a series of field guides on Chilean fungi. She is also a co-author of publications such as the first State of the World's Fungi report (Kew, 2018), the publication that defined the term \"funga,\" and the 3F Proposal: Fauna, Flora, and Funga. Giuliana has held consulting positions with philanthropic foundations in the United States, as well as full-time positions with international and Chilean non-profit organizations dedicated to marine conservation. She is a member of the Board of Directors of Fundaci\u00f3n Acci\u00f3n Fauna and the Advisory Council of the Society for the Protection of Underground Networks (SPUN), among other organizations. Giuliana has received several distinctions, including the Buffett\/National Geographic Latin America Conservation Leadership Award 2022, the Gordon and Tina Wasson Award from the Mycological Society of America 2022, and the International Society for Fungal Conservation's President's Award in 2013.<\/p>\n\n\n\n<p><\/p>","protected":false},"excerpt":{"rendered":"<p>Mic\u00f3loga de campo y fundadora de Fundaci\u00f3n Fungi. Reconocida mundialmente por su labor en conservaci\u00f3n de hongos, autora de gu\u00edas de campo y referente en la inclusi\u00f3n de la funga en la conservaci\u00f3n global. Giuliana Furci es mic\u00f3loga de campo, fundadora y directora ejecutiva de Fundaci\u00f3n Fungi. Es asociada de la Universidad de Harvard, exploradora [&hellip;]<\/p>","protected":false},"author":1,"featured_media":1258,"comment_status":"open","ping_status":"open","sticky":false,"template":"","format":"standard","meta":{"footnotes":""},"categories":[34],"tags":[33],"class_list":["post-1342","post","type-post","status-publish","format-standard","has-post-thumbnail","hentry","category-equipo","tag-equipo"],"yoast_head":"<!-- This site is optimized with the Yoast SEO plugin v27.2 - https:\/\/yoast.com\/product\/yoast-seo-wordpress\/ -->\n<title>Giuliana Furci - Fundacion Lobeliana<\/title>\n<meta name=\"robots\" content=\"index, follow, max-snippet:-1, max-image-preview:large, max-video-preview:-1\" \/>\n<link rel=\"canonical\" href=\"https:\/\/fundacionlobeliana.org\/en\/giuliana-furci\/\" \/>\n<meta property=\"og:locale\" content=\"en_GB\" \/>\n<meta property=\"og:type\" content=\"article\" \/>\n<meta property=\"og:title\" content=\"Giuliana Furci - Fundacion Lobeliana\" \/>\n<meta property=\"og:description\" content=\"Mic\u00f3loga de campo y fundadora de Fundaci\u00f3n Fungi. Reconocida mundialmente por su labor en conservaci\u00f3n de hongos, autora de gu\u00edas de campo y referente en la inclusi\u00f3n de la funga en la conservaci\u00f3n global. Giuliana Furci es mic\u00f3loga de campo, fundadora y directora ejecutiva de Fundaci\u00f3n Fungi. Es asociada de la Universidad de Harvard, exploradora [&hellip;]\" \/>\n<meta property=\"og:url\" content=\"https:\/\/fundacionlobeliana.org\/en\/giuliana-furci\/\" \/>\n<meta property=\"og:site_name\" content=\"Fundacion Lobeliana\" \/>\n<meta property=\"article:published_time\" content=\"2026-01-12T22:51:09+00:00\" \/>\n<meta property=\"article:modified_time\" content=\"2026-01-12T22:51:29+00:00\" \/>\n<meta property=\"og:image\" content=\"https:\/\/fundacionlobeliana.org\/wp-content\/uploads\/2026\/01\/Giuliana.jpg\" \/>\n\t<meta property=\"og:image:width\" content=\"400\" \/>\n\t<meta property=\"og:image:height\" content=\"400\" \/>\n\t<meta property=\"og:image:type\" content=\"image\/jpeg\" \/>\n<meta name=\"author\" content=\"angienaveaj\" \/>\n<meta name=\"twitter:card\" content=\"summary_large_image\" \/>\n<meta name=\"twitter:label1\" content=\"Written by\" \/>\n\t<meta name=\"twitter:data1\" content=\"angienaveaj\" \/>\n\t<meta name=\"twitter:label2\" content=\"Estimated reading time\" \/>\n\t<meta name=\"twitter:data2\" content=\"2 minutes\" \/>\n<script type=\"application\/ld+json\" class=\"yoast-schema-graph\">{\"@context\":\"https:\/\/schema.org\",\"@graph\":[{\"@type\":\"Article\",\"@id\":\"https:\/\/fundacionlobeliana.org\/giuliana-furci\/#article\",\"isPartOf\":{\"@id\":\"https:\/\/fundacionlobeliana.org\/giuliana-furci\/\"},\"author\":{\"name\":\"angienaveaj\",\"@id\":\"https:\/\/fundacionlobeliana.org\/#\/schema\/person\/db50f40d8e0b513e10c4f5113b63878e\"},\"headline\":\"Giuliana Furci\",\"datePublished\":\"2026-01-12T22:51:09+00:00\",\"dateModified\":\"2026-01-12T22:51:29+00:00\",\"mainEntityOfPage\":{\"@id\":\"https:\/\/fundacionlobeliana.org\/giuliana-furci\/\"},\"wordCount\":256,\"commentCount\":0,\"publisher\":{\"@id\":\"https:\/\/fundacionlobeliana.org\/#organization\"},\"image\":{\"@id\":\"https:\/\/fundacionlobeliana.org\/giuliana-furci\/#primaryimage\"},\"thumbnailUrl\":\"https:\/\/fundacionlobeliana.org\/wp-content\/uploads\/2026\/01\/Giuliana.jpg\",\"keywords\":[\"Equipo\"],\"articleSection\":[\"Equipo\"],\"inLanguage\":\"en-GB\",\"potentialAction\":[{\"@type\":\"CommentAction\",\"name\":\"Comment\",\"target\":[\"https:\/\/fundacionlobeliana.org\/giuliana-furci\/#respond\"]}]},{\"@type\":\"WebPage\",\"@id\":\"https:\/\/fundacionlobeliana.org\/giuliana-furci\/\",\"url\":\"https:\/\/fundacionlobeliana.org\/giuliana-furci\/\",\"name\":\"Giuliana Furci - Fundacion Lobeliana\",\"isPartOf\":{\"@id\":\"https:\/\/fundacionlobeliana.org\/#website\"},\"primaryImageOfPage\":{\"@id\":\"https:\/\/fundacionlobeliana.org\/giuliana-furci\/#primaryimage\"},\"image\":{\"@id\":\"https:\/\/fundacionlobeliana.org\/giuliana-furci\/#primaryimage\"},\"thumbnailUrl\":\"https:\/\/fundacionlobeliana.org\/wp-content\/uploads\/2026\/01\/Giuliana.jpg\",\"datePublished\":\"2026-01-12T22:51:09+00:00\",\"dateModified\":\"2026-01-12T22:51:29+00:00\",\"breadcrumb\":{\"@id\":\"https:\/\/fundacionlobeliana.org\/giuliana-furci\/#breadcrumb\"},\"inLanguage\":\"en-GB\",\"potentialAction\":[{\"@type\":\"ReadAction\",\"target\":[\"https:\/\/fundacionlobeliana.org\/giuliana-furci\/\"]}]},{\"@type\":\"ImageObject\",\"inLanguage\":\"en-GB\",\"@id\":\"https:\/\/fundacionlobeliana.org\/giuliana-furci\/#primaryimage\",\"url\":\"https:\/\/fundacionlobeliana.org\/wp-content\/uploads\/2026\/01\/Giuliana.jpg\",\"contentUrl\":\"https:\/\/fundacionlobeliana.org\/wp-content\/uploads\/2026\/01\/Giuliana.jpg\",\"width\":400,\"height\":400},{\"@type\":\"BreadcrumbList\",\"@id\":\"https:\/\/fundacionlobeliana.org\/giuliana-furci\/#breadcrumb\",\"itemListElement\":[{\"@type\":\"ListItem\",\"position\":1,\"name\":\"Portada\",\"item\":\"https:\/\/fundacionlobeliana.org\/\"},{\"@type\":\"ListItem\",\"position\":2,\"name\":\"Giuliana Furci\"}]},{\"@type\":\"WebSite\",\"@id\":\"https:\/\/fundacionlobeliana.org\/#website\",\"url\":\"https:\/\/fundacionlobeliana.org\/\",\"name\":\"Fundacion Lobeliana\",\"description\":\"Organizaci\u00f3n sin fines de lucro que tiene como misi\u00f3n el rescatar, actualizar, visibilizar y hacer disponible el conocimiento acumulado hasta hoy sobre f\u00e1rmacos naturales y psicoactivos\",\"publisher\":{\"@id\":\"https:\/\/fundacionlobeliana.org\/#organization\"},\"potentialAction\":[{\"@type\":\"SearchAction\",\"target\":{\"@type\":\"EntryPoint\",\"urlTemplate\":\"https:\/\/fundacionlobeliana.org\/?s={search_term_string}\"},\"query-input\":{\"@type\":\"PropertyValueSpecification\",\"valueRequired\":true,\"valueName\":\"search_term_string\"}}],\"inLanguage\":\"en-GB\"},{\"@type\":\"Organization\",\"@id\":\"https:\/\/fundacionlobeliana.org\/#organization\",\"name\":\"Fundacion Lobeliana\",\"url\":\"https:\/\/fundacionlobeliana.org\/\",\"logo\":{\"@type\":\"ImageObject\",\"inLanguage\":\"en-GB\",\"@id\":\"https:\/\/fundacionlobeliana.org\/#\/schema\/logo\/image\/\",\"url\":\"https:\/\/fundacionlobeliana.org\/wp-content\/uploads\/2025\/09\/logo_fundacion_lobeliana-02.png\",\"contentUrl\":\"https:\/\/fundacionlobeliana.org\/wp-content\/uploads\/2025\/09\/logo_fundacion_lobeliana-02.png\",\"width\":571,\"height\":718,\"caption\":\"Fundacion Lobeliana\"},\"image\":{\"@id\":\"https:\/\/fundacionlobeliana.org\/#\/schema\/logo\/image\/\"}},{\"@type\":\"Person\",\"@id\":\"https:\/\/fundacionlobeliana.org\/#\/schema\/person\/db50f40d8e0b513e10c4f5113b63878e\",\"name\":\"angienaveaj\",\"image\":{\"@type\":\"ImageObject\",\"inLanguage\":\"en-GB\",\"@id\":\"https:\/\/secure.gravatar.com\/avatar\/6d4ae7adc69c71560df2274e0971ed1f4a3aa48ccbc300b79f3497a94aaf3ed4?s=96&d=mm&r=g\",\"url\":\"https:\/\/secure.gravatar.com\/avatar\/6d4ae7adc69c71560df2274e0971ed1f4a3aa48ccbc300b79f3497a94aaf3ed4?s=96&d=mm&r=g\",\"contentUrl\":\"https:\/\/secure.gravatar.com\/avatar\/6d4ae7adc69c71560df2274e0971ed1f4a3aa48ccbc300b79f3497a94aaf3ed4?s=96&d=mm&r=g\",\"caption\":\"angienaveaj\"},\"sameAs\":[\"https:\/\/fundacionlobeliana.org\"],\"url\":\"https:\/\/fundacionlobeliana.org\/en\/author\/angienaveaj\/\"}]}<\/script>\n<!-- \/ Yoast SEO plugin. -->","yoast_head_json":{"title":"Giuliana Furci - Fundacion Lobeliana","robots":{"index":"index","follow":"follow","max-snippet":"max-snippet:-1","max-image-preview":"max-image-preview:large","max-video-preview":"max-video-preview:-1"},"canonical":"https:\/\/fundacionlobeliana.org\/en\/giuliana-furci\/","og_locale":"en_GB","og_type":"article","og_title":"Giuliana Furci - Fundacion Lobeliana","og_description":"Mic\u00f3loga de campo y fundadora de Fundaci\u00f3n Fungi. Reconocida mundialmente por su labor en conservaci\u00f3n de hongos, autora de gu\u00edas de campo y referente en la inclusi\u00f3n de la funga en la conservaci\u00f3n global. Giuliana Furci es mic\u00f3loga de campo, fundadora y directora ejecutiva de Fundaci\u00f3n Fungi. Es asociada de la Universidad de Harvard, exploradora [&hellip;]","og_url":"https:\/\/fundacionlobeliana.org\/en\/giuliana-furci\/","og_site_name":"Fundacion Lobeliana","article_published_time":"2026-01-12T22:51:09+00:00","article_modified_time":"2026-01-12T22:51:29+00:00","og_image":[{"width":400,"height":400,"url":"https:\/\/fundacionlobeliana.org\/wp-content\/uploads\/2026\/01\/Giuliana.jpg","type":"image\/jpeg"}],"author":"angienaveaj","twitter_card":"summary_large_image","twitter_misc":{"Written by":"angienaveaj","Estimated reading time":"2 minutes"},"schema":{"@context":"https:\/\/schema.org","@graph":[{"@type":"Article","@id":"https:\/\/fundacionlobeliana.org\/giuliana-furci\/#article","isPartOf":{"@id":"https:\/\/fundacionlobeliana.org\/giuliana-furci\/"},"author":{"name":"angienaveaj","@id":"https:\/\/fundacionlobeliana.org\/#\/schema\/person\/db50f40d8e0b513e10c4f5113b63878e"},"headline":"Giuliana Furci","datePublished":"2026-01-12T22:51:09+00:00","dateModified":"2026-01-12T22:51:29+00:00","mainEntityOfPage":{"@id":"https:\/\/fundacionlobeliana.org\/giuliana-furci\/"},"wordCount":256,"commentCount":0,"publisher":{"@id":"https:\/\/fundacionlobeliana.org\/#organization"},"image":{"@id":"https:\/\/fundacionlobeliana.org\/giuliana-furci\/#primaryimage"},"thumbnailUrl":"https:\/\/fundacionlobeliana.org\/wp-content\/uploads\/2026\/01\/Giuliana.jpg","keywords":["Equipo"],"articleSection":["Equipo"],"inLanguage":"en-GB","potentialAction":[{"@type":"CommentAction","name":"Comment","target":["https:\/\/fundacionlobeliana.org\/giuliana-furci\/#respond"]}]},{"@type":"WebPage","@id":"https:\/\/fundacionlobeliana.org\/giuliana-furci\/","url":"https:\/\/fundacionlobeliana.org\/giuliana-furci\/","name":"Giuliana Furci - Fundacion Lobeliana","isPartOf":{"@id":"https:\/\/fundacionlobeliana.org\/#website"},"primaryImageOfPage":{"@id":"https:\/\/fundacionlobeliana.org\/giuliana-furci\/#primaryimage"},"image":{"@id":"https:\/\/fundacionlobeliana.org\/giuliana-furci\/#primaryimage"},"thumbnailUrl":"https:\/\/fundacionlobeliana.org\/wp-content\/uploads\/2026\/01\/Giuliana.jpg","datePublished":"2026-01-12T22:51:09+00:00","dateModified":"2026-01-12T22:51:29+00:00","breadcrumb":{"@id":"https:\/\/fundacionlobeliana.org\/giuliana-furci\/#breadcrumb"},"inLanguage":"en-GB","potentialAction":[{"@type":"ReadAction","target":["https:\/\/fundacionlobeliana.org\/giuliana-furci\/"]}]},{"@type":"ImageObject","inLanguage":"en-GB","@id":"https:\/\/fundacionlobeliana.org\/giuliana-furci\/#primaryimage","url":"https:\/\/fundacionlobeliana.org\/wp-content\/uploads\/2026\/01\/Giuliana.jpg","contentUrl":"https:\/\/fundacionlobeliana.org\/wp-content\/uploads\/2026\/01\/Giuliana.jpg","width":400,"height":400},{"@type":"BreadcrumbList","@id":"https:\/\/fundacionlobeliana.org\/giuliana-furci\/#breadcrumb","itemListElement":[{"@type":"ListItem","position":1,"name":"Portada","item":"https:\/\/fundacionlobeliana.org\/"},{"@type":"ListItem","position":2,"name":"Giuliana Furci"}]},{"@type":"WebSite","@id":"https:\/\/fundacionlobeliana.org\/#website","url":"https:\/\/fundacionlobeliana.org\/","name":"Fundacion Lobeliana","description":"Organizaci\u00f3n sin fines de lucro que tiene como misi\u00f3n el rescatar, actualizar, visibilizar y hacer disponible el conocimiento acumulado hasta hoy sobre f\u00e1rmacos naturales y psicoactivos","publisher":{"@id":"https:\/\/fundacionlobeliana.org\/#organization"},"potentialAction":[{"@type":"SearchAction","target":{"@type":"EntryPoint","urlTemplate":"https:\/\/fundacionlobeliana.org\/?s={search_term_string}"},"query-input":{"@type":"PropertyValueSpecification","valueRequired":true,"valueName":"search_term_string"}}],"inLanguage":"en-GB"},{"@type":"Organization","@id":"https:\/\/fundacionlobeliana.org\/#organization","name":"Fundacion Lobeliana","url":"https:\/\/fundacionlobeliana.org\/","logo":{"@type":"ImageObject","inLanguage":"en-GB","@id":"https:\/\/fundacionlobeliana.org\/#\/schema\/logo\/image\/","url":"https:\/\/fundacionlobeliana.org\/wp-content\/uploads\/2025\/09\/logo_fundacion_lobeliana-02.png","contentUrl":"https:\/\/fundacionlobeliana.org\/wp-content\/uploads\/2025\/09\/logo_fundacion_lobeliana-02.png","width":571,"height":718,"caption":"Fundacion Lobeliana"},"image":{"@id":"https:\/\/fundacionlobeliana.org\/#\/schema\/logo\/image\/"}},{"@type":"Person","@id":"https:\/\/fundacionlobeliana.org\/#\/schema\/person\/db50f40d8e0b513e10c4f5113b63878e","name":"angienaveaj","image":{"@type":"ImageObject","inLanguage":"en-GB","@id":"https:\/\/secure.gravatar.com\/avatar\/6d4ae7adc69c71560df2274e0971ed1f4a3aa48ccbc300b79f3497a94aaf3ed4?s=96&d=mm&r=g","url":"https:\/\/secure.gravatar.com\/avatar\/6d4ae7adc69c71560df2274e0971ed1f4a3aa48ccbc300b79f3497a94aaf3ed4?s=96&d=mm&r=g","contentUrl":"https:\/\/secure.gravatar.com\/avatar\/6d4ae7adc69c71560df2274e0971ed1f4a3aa48ccbc300b79f3497a94aaf3ed4?s=96&d=mm&r=g","caption":"angienaveaj"},"sameAs":["https:\/\/fundacionlobeliana.org"],"url":"https:\/\/fundacionlobeliana.org\/en\/author\/angienaveaj\/"}]}},"_links":{"self":[{"href":"https:\/\/fundacionlobeliana.org\/en\/wp-json\/wp\/v2\/posts\/1342","targetHints":{"allow":["GET"]}}],"collection":[{"href":"https:\/\/fundacionlobeliana.org\/en\/wp-json\/wp\/v2\/posts"}],"about":[{"href":"https:\/\/fundacionlobeliana.org\/en\/wp-json\/wp\/v2\/types\/post"}],"author":[{"embeddable":true,"href":"https:\/\/fundacionlobeliana.org\/en\/wp-json\/wp\/v2\/users\/1"}],"replies":[{"embeddable":true,"href":"https:\/\/fundacionlobeliana.org\/en\/wp-json\/wp\/v2\/comments?post=1342"}],"version-history":[{"count":1,"href":"https:\/\/fundacionlobeliana.org\/en\/wp-json\/wp\/v2\/posts\/1342\/revisions"}],"predecessor-version":[{"id":1343,"href":"https:\/\/fundacionlobeliana.org\/en\/wp-json\/wp\/v2\/posts\/1342\/revisions\/1343"}],"wp:featuredmedia":[{"embeddable":true,"href":"https:\/\/fundacionlobeliana.org\/en\/wp-json\/wp\/v2\/media\/1258"}],"wp:attachment":[{"href":"https:\/\/fundacionlobeliana.org\/en\/wp-json\/wp\/v2\/media?parent=1342"}],"wp:term":[{"taxonomy":"category","embeddable":true,"href":"https:\/\/fundacionlobeliana.org\/en\/wp-json\/wp\/v2\/categories?post=1342"},{"taxonomy":"post_tag","embeddable":true,"href":"https:\/\/fundacionlobeliana.org\/en\/wp-json\/wp\/v2\/tags?post=1342"}],"curies":[{"name":"wp","href":"https:\/\/api.w.org\/{rel}","templated":true}]}}