{"id":1389,"date":"2026-01-15T23:06:48","date_gmt":"2026-01-15T23:06:48","guid":{"rendered":"https:\/\/fundacionlobeliana.org\/caracterizacin-fitoqumica-de-lobelias-endmicas-de-chile\/"},"modified":"2026-01-21T15:24:10","modified_gmt":"2026-01-21T15:24:10","slug":"caracterizacin-fitoqumica-de-lobelias-endmicas-de-chile","status":"publish","type":"post","link":"https:\/\/fundacionlobeliana.org\/en\/caracterizacin-fitoqumica-de-lobelias-endmicas-de-chile\/","title":{"rendered":"Phytochemical Characterization of Endemic Lobelias of Chile"},"content":{"rendered":"<p class=\"translation-block\">Scientific research developed in collaboration with the Phytochemistry Laboratory of Andr\u00e9s Bello University, focused on the study and characterization of the active compounds present in species of the genus Lobelia native to Chile. The project seeks to contribute knowledge about their chemical diversity, pharmacological potential, and possible therapeutic applications, as well as contribute to the botanical record and conservation of these species.<\/p>\n\n\n\n<p><\/p>","protected":false},"excerpt":{"rendered":"<p>Investigaci\u00f3n cient\u00edfica desarrollada en colaboraci\u00f3n con el Laboratorio de Fitoqu\u00edmica de la Universidad Andr\u00e9s Bello, orientada al estudio y caracterizaci\u00f3n de los compuestos activos presentes en especies del g\u00e9nero Lobelia nativas de Chile.El proyecto busca aportar conocimiento sobre su diversidad qu\u00edmica, potencial farmacol\u00f3gico y posibles aplicaciones terap\u00e9uticas, adem\u00e1s de contribuir al registro bot\u00e1nico y conservaci\u00f3n [&hellip;]<\/p>","protected":false},"author":1,"featured_media":226,"comment_status":"open","ping_status":"open","sticky":false,"template":"","format":"standard","meta":{"footnotes":""},"categories":[30],"tags":[31],"class_list":["post-1389","post","type-post","status-publish","format-standard","has-post-thumbnail","hentry","category-investigacion","tag-proyectos"],"yoast_head":"<!-- This site is optimized with the Yoast SEO plugin v27.2 - https:\/\/yoast.com\/product\/yoast-seo-wordpress\/ -->\n<title>Caracterizaci\u00f3n Fitoqu\u00edmica de Lobelias End\u00e9micas de Chile - Fundacion Lobeliana<\/title>\n<meta name=\"robots\" content=\"index, follow, max-snippet:-1, max-image-preview:large, max-video-preview:-1\" \/>\n<link rel=\"canonical\" href=\"https:\/\/fundacionlobeliana.org\/en\/caracterizacin-fitoqumica-de-lobelias-endmicas-de-chile\/\" \/>\n<meta property=\"og:locale\" content=\"en_GB\" \/>\n<meta property=\"og:type\" content=\"article\" \/>\n<meta property=\"og:title\" content=\"Caracterizaci\u00f3n Fitoqu\u00edmica de Lobelias End\u00e9micas de Chile - Fundacion Lobeliana\" \/>\n<meta property=\"og:description\" content=\"Investigaci\u00f3n cient\u00edfica desarrollada en colaboraci\u00f3n con el Laboratorio de Fitoqu\u00edmica de la Universidad Andr\u00e9s Bello, orientada al estudio y caracterizaci\u00f3n de los compuestos activos presentes en especies del g\u00e9nero Lobelia nativas de Chile.El proyecto busca aportar conocimiento sobre su diversidad qu\u00edmica, potencial farmacol\u00f3gico y posibles aplicaciones terap\u00e9uticas, adem\u00e1s de contribuir al registro bot\u00e1nico y conservaci\u00f3n [&hellip;]\" \/>\n<meta property=\"og:url\" content=\"https:\/\/fundacionlobeliana.org\/en\/caracterizacin-fitoqumica-de-lobelias-endmicas-de-chile\/\" \/>\n<meta property=\"og:site_name\" content=\"Fundacion Lobeliana\" \/>\n<meta property=\"article:published_time\" content=\"2026-01-15T23:06:48+00:00\" \/>\n<meta property=\"article:modified_time\" content=\"2026-01-21T15:24:10+00:00\" \/>\n<meta property=\"og:image\" content=\"https:\/\/fundacionlobeliana.org\/wp-content\/uploads\/2025\/09\/datura-fotor-bg-remover-202509081425391-486x1024.png\" \/>\n\t<meta property=\"og:image:width\" content=\"486\" \/>\n\t<meta property=\"og:image:height\" content=\"1024\" \/>\n\t<meta property=\"og:image:type\" content=\"image\/png\" \/>\n<meta name=\"author\" content=\"angienaveaj\" \/>\n<meta name=\"twitter:card\" content=\"summary_large_image\" \/>\n<meta name=\"twitter:label1\" content=\"Written by\" \/>\n\t<meta name=\"twitter:data1\" content=\"angienaveaj\" \/>\n\t<meta name=\"twitter:label2\" content=\"Estimated reading time\" \/>\n\t<meta name=\"twitter:data2\" content=\"1 minute\" \/>\n<script type=\"application\/ld+json\" class=\"yoast-schema-graph\">{\"@context\":\"https:\/\/schema.org\",\"@graph\":[{\"@type\":\"Article\",\"@id\":\"https:\/\/fundacionlobeliana.org\/caracterizacin-fitoqumica-de-lobelias-endmicas-de-chile\/#article\",\"isPartOf\":{\"@id\":\"https:\/\/fundacionlobeliana.org\/caracterizacin-fitoqumica-de-lobelias-endmicas-de-chile\/\"},\"author\":{\"name\":\"angienaveaj\",\"@id\":\"https:\/\/fundacionlobeliana.org\/#\/schema\/person\/db50f40d8e0b513e10c4f5113b63878e\"},\"headline\":\"Caracterizaci\u00f3n Fitoqu\u00edmica de Lobelias End\u00e9micas de Chile\",\"datePublished\":\"2026-01-15T23:06:48+00:00\",\"dateModified\":\"2026-01-21T15:24:10+00:00\",\"mainEntityOfPage\":{\"@id\":\"https:\/\/fundacionlobeliana.org\/caracterizacin-fitoqumica-de-lobelias-endmicas-de-chile\/\"},\"wordCount\":82,\"commentCount\":0,\"publisher\":{\"@id\":\"https:\/\/fundacionlobeliana.org\/#organization\"},\"image\":{\"@id\":\"https:\/\/fundacionlobeliana.org\/caracterizacin-fitoqumica-de-lobelias-endmicas-de-chile\/#primaryimage\"},\"thumbnailUrl\":\"https:\/\/fundacionlobeliana.org\/wp-content\/uploads\/2025\/09\/datura-fotor-bg-remover-202509081425391.png\",\"keywords\":[\"Proyectos\"],\"articleSection\":[\"Investigaci\u00f3n\"],\"inLanguage\":\"en-GB\",\"potentialAction\":[{\"@type\":\"CommentAction\",\"name\":\"Comment\",\"target\":[\"https:\/\/fundacionlobeliana.org\/caracterizacin-fitoqumica-de-lobelias-endmicas-de-chile\/#respond\"]}]},{\"@type\":\"WebPage\",\"@id\":\"https:\/\/fundacionlobeliana.org\/caracterizacin-fitoqumica-de-lobelias-endmicas-de-chile\/\",\"url\":\"https:\/\/fundacionlobeliana.org\/caracterizacin-fitoqumica-de-lobelias-endmicas-de-chile\/\",\"name\":\"Caracterizaci\u00f3n Fitoqu\u00edmica de Lobelias End\u00e9micas de Chile - Fundacion Lobeliana\",\"isPartOf\":{\"@id\":\"https:\/\/fundacionlobeliana.org\/#website\"},\"primaryImageOfPage\":{\"@id\":\"https:\/\/fundacionlobeliana.org\/caracterizacin-fitoqumica-de-lobelias-endmicas-de-chile\/#primaryimage\"},\"image\":{\"@id\":\"https:\/\/fundacionlobeliana.org\/caracterizacin-fitoqumica-de-lobelias-endmicas-de-chile\/#primaryimage\"},\"thumbnailUrl\":\"https:\/\/fundacionlobeliana.org\/wp-content\/uploads\/2025\/09\/datura-fotor-bg-remover-202509081425391.png\",\"datePublished\":\"2026-01-15T23:06:48+00:00\",\"dateModified\":\"2026-01-21T15:24:10+00:00\",\"breadcrumb\":{\"@id\":\"https:\/\/fundacionlobeliana.org\/caracterizacin-fitoqumica-de-lobelias-endmicas-de-chile\/#breadcrumb\"},\"inLanguage\":\"en-GB\",\"potentialAction\":[{\"@type\":\"ReadAction\",\"target\":[\"https:\/\/fundacionlobeliana.org\/caracterizacin-fitoqumica-de-lobelias-endmicas-de-chile\/\"]}]},{\"@type\":\"ImageObject\",\"inLanguage\":\"en-GB\",\"@id\":\"https:\/\/fundacionlobeliana.org\/caracterizacin-fitoqumica-de-lobelias-endmicas-de-chile\/#primaryimage\",\"url\":\"https:\/\/fundacionlobeliana.org\/wp-content\/uploads\/2025\/09\/datura-fotor-bg-remover-202509081425391.png\",\"contentUrl\":\"https:\/\/fundacionlobeliana.org\/wp-content\/uploads\/2025\/09\/datura-fotor-bg-remover-202509081425391.png\",\"width\":1000,\"height\":2109},{\"@type\":\"BreadcrumbList\",\"@id\":\"https:\/\/fundacionlobeliana.org\/caracterizacin-fitoqumica-de-lobelias-endmicas-de-chile\/#breadcrumb\",\"itemListElement\":[{\"@type\":\"ListItem\",\"position\":1,\"name\":\"Portada\",\"item\":\"https:\/\/fundacionlobeliana.org\/\"},{\"@type\":\"ListItem\",\"position\":2,\"name\":\"Caracterizaci\u00f3n Fitoqu\u00edmica de Lobelias End\u00e9micas de Chile\"}]},{\"@type\":\"WebSite\",\"@id\":\"https:\/\/fundacionlobeliana.org\/#website\",\"url\":\"https:\/\/fundacionlobeliana.org\/\",\"name\":\"Fundacion Lobeliana\",\"description\":\"Organizaci\u00f3n sin fines de lucro que tiene como misi\u00f3n el rescatar, actualizar, visibilizar y hacer disponible el conocimiento acumulado hasta hoy sobre f\u00e1rmacos naturales y psicoactivos\",\"publisher\":{\"@id\":\"https:\/\/fundacionlobeliana.org\/#organization\"},\"potentialAction\":[{\"@type\":\"SearchAction\",\"target\":{\"@type\":\"EntryPoint\",\"urlTemplate\":\"https:\/\/fundacionlobeliana.org\/?s={search_term_string}\"},\"query-input\":{\"@type\":\"PropertyValueSpecification\",\"valueRequired\":true,\"valueName\":\"search_term_string\"}}],\"inLanguage\":\"en-GB\"},{\"@type\":\"Organization\",\"@id\":\"https:\/\/fundacionlobeliana.org\/#organization\",\"name\":\"Fundacion Lobeliana\",\"url\":\"https:\/\/fundacionlobeliana.org\/\",\"logo\":{\"@type\":\"ImageObject\",\"inLanguage\":\"en-GB\",\"@id\":\"https:\/\/fundacionlobeliana.org\/#\/schema\/logo\/image\/\",\"url\":\"https:\/\/fundacionlobeliana.org\/wp-content\/uploads\/2025\/09\/logo_fundacion_lobeliana-02.png\",\"contentUrl\":\"https:\/\/fundacionlobeliana.org\/wp-content\/uploads\/2025\/09\/logo_fundacion_lobeliana-02.png\",\"width\":571,\"height\":718,\"caption\":\"Fundacion Lobeliana\"},\"image\":{\"@id\":\"https:\/\/fundacionlobeliana.org\/#\/schema\/logo\/image\/\"}},{\"@type\":\"Person\",\"@id\":\"https:\/\/fundacionlobeliana.org\/#\/schema\/person\/db50f40d8e0b513e10c4f5113b63878e\",\"name\":\"angienaveaj\",\"image\":{\"@type\":\"ImageObject\",\"inLanguage\":\"en-GB\",\"@id\":\"https:\/\/secure.gravatar.com\/avatar\/6d4ae7adc69c71560df2274e0971ed1f4a3aa48ccbc300b79f3497a94aaf3ed4?s=96&d=mm&r=g\",\"url\":\"https:\/\/secure.gravatar.com\/avatar\/6d4ae7adc69c71560df2274e0971ed1f4a3aa48ccbc300b79f3497a94aaf3ed4?s=96&d=mm&r=g\",\"contentUrl\":\"https:\/\/secure.gravatar.com\/avatar\/6d4ae7adc69c71560df2274e0971ed1f4a3aa48ccbc300b79f3497a94aaf3ed4?s=96&d=mm&r=g\",\"caption\":\"angienaveaj\"},\"sameAs\":[\"https:\/\/fundacionlobeliana.org\"],\"url\":\"https:\/\/fundacionlobeliana.org\/en\/author\/angienaveaj\/\"}]}<\/script>\n<!-- \/ Yoast SEO plugin. -->","yoast_head_json":{"title":"Caracterizaci\u00f3n Fitoqu\u00edmica de Lobelias End\u00e9micas de Chile - Fundacion Lobeliana","robots":{"index":"index","follow":"follow","max-snippet":"max-snippet:-1","max-image-preview":"max-image-preview:large","max-video-preview":"max-video-preview:-1"},"canonical":"https:\/\/fundacionlobeliana.org\/en\/caracterizacin-fitoqumica-de-lobelias-endmicas-de-chile\/","og_locale":"en_GB","og_type":"article","og_title":"Caracterizaci\u00f3n Fitoqu\u00edmica de Lobelias End\u00e9micas de Chile - Fundacion Lobeliana","og_description":"Investigaci\u00f3n cient\u00edfica desarrollada en colaboraci\u00f3n con el Laboratorio de Fitoqu\u00edmica de la Universidad Andr\u00e9s Bello, orientada al estudio y caracterizaci\u00f3n de los compuestos activos presentes en especies del g\u00e9nero Lobelia nativas de Chile.El proyecto busca aportar conocimiento sobre su diversidad qu\u00edmica, potencial farmacol\u00f3gico y posibles aplicaciones terap\u00e9uticas, adem\u00e1s de contribuir al registro bot\u00e1nico y conservaci\u00f3n [&hellip;]","og_url":"https:\/\/fundacionlobeliana.org\/en\/caracterizacin-fitoqumica-de-lobelias-endmicas-de-chile\/","og_site_name":"Fundacion Lobeliana","article_published_time":"2026-01-15T23:06:48+00:00","article_modified_time":"2026-01-21T15:24:10+00:00","og_image":[{"width":486,"height":1024,"url":"https:\/\/fundacionlobeliana.org\/wp-content\/uploads\/2025\/09\/datura-fotor-bg-remover-202509081425391-486x1024.png","type":"image\/png"}],"author":"angienaveaj","twitter_card":"summary_large_image","twitter_misc":{"Written by":"angienaveaj","Estimated reading time":"1 minute"},"schema":{"@context":"https:\/\/schema.org","@graph":[{"@type":"Article","@id":"https:\/\/fundacionlobeliana.org\/caracterizacin-fitoqumica-de-lobelias-endmicas-de-chile\/#article","isPartOf":{"@id":"https:\/\/fundacionlobeliana.org\/caracterizacin-fitoqumica-de-lobelias-endmicas-de-chile\/"},"author":{"name":"angienaveaj","@id":"https:\/\/fundacionlobeliana.org\/#\/schema\/person\/db50f40d8e0b513e10c4f5113b63878e"},"headline":"Caracterizaci\u00f3n Fitoqu\u00edmica de Lobelias End\u00e9micas de Chile","datePublished":"2026-01-15T23:06:48+00:00","dateModified":"2026-01-21T15:24:10+00:00","mainEntityOfPage":{"@id":"https:\/\/fundacionlobeliana.org\/caracterizacin-fitoqumica-de-lobelias-endmicas-de-chile\/"},"wordCount":82,"commentCount":0,"publisher":{"@id":"https:\/\/fundacionlobeliana.org\/#organization"},"image":{"@id":"https:\/\/fundacionlobeliana.org\/caracterizacin-fitoqumica-de-lobelias-endmicas-de-chile\/#primaryimage"},"thumbnailUrl":"https:\/\/fundacionlobeliana.org\/wp-content\/uploads\/2025\/09\/datura-fotor-bg-remover-202509081425391.png","keywords":["Proyectos"],"articleSection":["Investigaci\u00f3n"],"inLanguage":"en-GB","potentialAction":[{"@type":"CommentAction","name":"Comment","target":["https:\/\/fundacionlobeliana.org\/caracterizacin-fitoqumica-de-lobelias-endmicas-de-chile\/#respond"]}]},{"@type":"WebPage","@id":"https:\/\/fundacionlobeliana.org\/caracterizacin-fitoqumica-de-lobelias-endmicas-de-chile\/","url":"https:\/\/fundacionlobeliana.org\/caracterizacin-fitoqumica-de-lobelias-endmicas-de-chile\/","name":"Caracterizaci\u00f3n Fitoqu\u00edmica de Lobelias End\u00e9micas de Chile - Fundacion Lobeliana","isPartOf":{"@id":"https:\/\/fundacionlobeliana.org\/#website"},"primaryImageOfPage":{"@id":"https:\/\/fundacionlobeliana.org\/caracterizacin-fitoqumica-de-lobelias-endmicas-de-chile\/#primaryimage"},"image":{"@id":"https:\/\/fundacionlobeliana.org\/caracterizacin-fitoqumica-de-lobelias-endmicas-de-chile\/#primaryimage"},"thumbnailUrl":"https:\/\/fundacionlobeliana.org\/wp-content\/uploads\/2025\/09\/datura-fotor-bg-remover-202509081425391.png","datePublished":"2026-01-15T23:06:48+00:00","dateModified":"2026-01-21T15:24:10+00:00","breadcrumb":{"@id":"https:\/\/fundacionlobeliana.org\/caracterizacin-fitoqumica-de-lobelias-endmicas-de-chile\/#breadcrumb"},"inLanguage":"en-GB","potentialAction":[{"@type":"ReadAction","target":["https:\/\/fundacionlobeliana.org\/caracterizacin-fitoqumica-de-lobelias-endmicas-de-chile\/"]}]},{"@type":"ImageObject","inLanguage":"en-GB","@id":"https:\/\/fundacionlobeliana.org\/caracterizacin-fitoqumica-de-lobelias-endmicas-de-chile\/#primaryimage","url":"https:\/\/fundacionlobeliana.org\/wp-content\/uploads\/2025\/09\/datura-fotor-bg-remover-202509081425391.png","contentUrl":"https:\/\/fundacionlobeliana.org\/wp-content\/uploads\/2025\/09\/datura-fotor-bg-remover-202509081425391.png","width":1000,"height":2109},{"@type":"BreadcrumbList","@id":"https:\/\/fundacionlobeliana.org\/caracterizacin-fitoqumica-de-lobelias-endmicas-de-chile\/#breadcrumb","itemListElement":[{"@type":"ListItem","position":1,"name":"Portada","item":"https:\/\/fundacionlobeliana.org\/"},{"@type":"ListItem","position":2,"name":"Caracterizaci\u00f3n Fitoqu\u00edmica de Lobelias End\u00e9micas de Chile"}]},{"@type":"WebSite","@id":"https:\/\/fundacionlobeliana.org\/#website","url":"https:\/\/fundacionlobeliana.org\/","name":"Fundacion Lobeliana","description":"Organizaci\u00f3n sin fines de lucro que tiene como misi\u00f3n el rescatar, actualizar, visibilizar y hacer disponible el conocimiento acumulado hasta hoy sobre f\u00e1rmacos naturales y psicoactivos","publisher":{"@id":"https:\/\/fundacionlobeliana.org\/#organization"},"potentialAction":[{"@type":"SearchAction","target":{"@type":"EntryPoint","urlTemplate":"https:\/\/fundacionlobeliana.org\/?s={search_term_string}"},"query-input":{"@type":"PropertyValueSpecification","valueRequired":true,"valueName":"search_term_string"}}],"inLanguage":"en-GB"},{"@type":"Organization","@id":"https:\/\/fundacionlobeliana.org\/#organization","name":"Fundacion Lobeliana","url":"https:\/\/fundacionlobeliana.org\/","logo":{"@type":"ImageObject","inLanguage":"en-GB","@id":"https:\/\/fundacionlobeliana.org\/#\/schema\/logo\/image\/","url":"https:\/\/fundacionlobeliana.org\/wp-content\/uploads\/2025\/09\/logo_fundacion_lobeliana-02.png","contentUrl":"https:\/\/fundacionlobeliana.org\/wp-content\/uploads\/2025\/09\/logo_fundacion_lobeliana-02.png","width":571,"height":718,"caption":"Fundacion Lobeliana"},"image":{"@id":"https:\/\/fundacionlobeliana.org\/#\/schema\/logo\/image\/"}},{"@type":"Person","@id":"https:\/\/fundacionlobeliana.org\/#\/schema\/person\/db50f40d8e0b513e10c4f5113b63878e","name":"angienaveaj","image":{"@type":"ImageObject","inLanguage":"en-GB","@id":"https:\/\/secure.gravatar.com\/avatar\/6d4ae7adc69c71560df2274e0971ed1f4a3aa48ccbc300b79f3497a94aaf3ed4?s=96&d=mm&r=g","url":"https:\/\/secure.gravatar.com\/avatar\/6d4ae7adc69c71560df2274e0971ed1f4a3aa48ccbc300b79f3497a94aaf3ed4?s=96&d=mm&r=g","contentUrl":"https:\/\/secure.gravatar.com\/avatar\/6d4ae7adc69c71560df2274e0971ed1f4a3aa48ccbc300b79f3497a94aaf3ed4?s=96&d=mm&r=g","caption":"angienaveaj"},"sameAs":["https:\/\/fundacionlobeliana.org"],"url":"https:\/\/fundacionlobeliana.org\/en\/author\/angienaveaj\/"}]}},"_links":{"self":[{"href":"https:\/\/fundacionlobeliana.org\/en\/wp-json\/wp\/v2\/posts\/1389","targetHints":{"allow":["GET"]}}],"collection":[{"href":"https:\/\/fundacionlobeliana.org\/en\/wp-json\/wp\/v2\/posts"}],"about":[{"href":"https:\/\/fundacionlobeliana.org\/en\/wp-json\/wp\/v2\/types\/post"}],"author":[{"embeddable":true,"href":"https:\/\/fundacionlobeliana.org\/en\/wp-json\/wp\/v2\/users\/1"}],"replies":[{"embeddable":true,"href":"https:\/\/fundacionlobeliana.org\/en\/wp-json\/wp\/v2\/comments?post=1389"}],"version-history":[{"count":1,"href":"https:\/\/fundacionlobeliana.org\/en\/wp-json\/wp\/v2\/posts\/1389\/revisions"}],"predecessor-version":[{"id":1392,"href":"https:\/\/fundacionlobeliana.org\/en\/wp-json\/wp\/v2\/posts\/1389\/revisions\/1392"}],"wp:featuredmedia":[{"embeddable":true,"href":"https:\/\/fundacionlobeliana.org\/en\/wp-json\/wp\/v2\/media\/226"}],"wp:attachment":[{"href":"https:\/\/fundacionlobeliana.org\/en\/wp-json\/wp\/v2\/media?parent=1389"}],"wp:term":[{"taxonomy":"category","embeddable":true,"href":"https:\/\/fundacionlobeliana.org\/en\/wp-json\/wp\/v2\/categories?post=1389"},{"taxonomy":"post_tag","embeddable":true,"href":"https:\/\/fundacionlobeliana.org\/en\/wp-json\/wp\/v2\/tags?post=1389"}],"curies":[{"name":"wp","href":"https:\/\/api.w.org\/{rel}","templated":true}]}}