{"id":1909,"date":"2026-02-04T19:51:32","date_gmt":"2026-02-04T19:51:32","guid":{"rendered":"https:\/\/fundacionlobeliana.org\/?p=1909"},"modified":"2026-02-04T19:51:32","modified_gmt":"2026-02-04T19:51:32","slug":"hongos-psicoactivos-de-chile","status":"publish","type":"post","link":"https:\/\/fundacionlobeliana.org\/en\/hongos-psicoactivos-de-chile\/","title":{"rendered":"Psychoactive Mushrooms from Chile"},"content":{"rendered":"<p>Publicado por la Editorial Lobeliana en 2023, este libro presenta un estudio bibliogr\u00e1fico que cruza el registro de hongos formalmente descritos en Chile con aquellos que poseen propiedades psicoactivas. La obra re\u00fane tres ensayos sobre prohibici\u00f3n, farmacolog\u00eda e identificaci\u00f3n micol\u00f3gica, acompa\u00f1ados de ilustraciones originales que ampl\u00edan la comprensi\u00f3n visual y cient\u00edfica del tema. Hongos Psicoactivos de Chile constituye una referencia pionera para el estudio de la funga visionaria del territorio<\/p>\n<ul>\n<li><em>Editor: B. Gelcich<\/em>\n<p><em>Essays: B. gelcich, J. Ott, E. Figueroa<\/p>\n<p>Illustrations: D. Torres, P. Heredia<\/em><\/li>\n<\/ul>\n<p><img fetchpriority=\"high\" decoding=\"async\" class=\"alignnone wp-image-1391 size-large\" src=\"https:\/\/fundacionlobeliana.org\/wp-content\/uploads\/2026\/01\/Libro001_1.1.1-copia-769x1024.jpg\" alt=\"\" width=\"769\" height=\"1024\" srcset=\"https:\/\/fundacionlobeliana.org\/wp-content\/uploads\/2026\/01\/Libro001_1.1.1-copia-769x1024.jpg 769w, https:\/\/fundacionlobeliana.org\/wp-content\/uploads\/2026\/01\/Libro001_1.1.1-copia-225x300.jpg 225w, https:\/\/fundacionlobeliana.org\/wp-content\/uploads\/2026\/01\/Libro001_1.1.1-copia-768x1023.jpg 768w, https:\/\/fundacionlobeliana.org\/wp-content\/uploads\/2026\/01\/Libro001_1.1.1-copia-1153x1536.jpg 1153w, https:\/\/fundacionlobeliana.org\/wp-content\/uploads\/2026\/01\/Libro001_1.1.1-copia-1538x2048.jpg 1538w, https:\/\/fundacionlobeliana.org\/wp-content\/uploads\/2026\/01\/Libro001_1.1.1-copia-9x12.jpg 9w, https:\/\/fundacionlobeliana.org\/wp-content\/uploads\/2026\/01\/Libro001_1.1.1-copia-600x799.jpg 600w, https:\/\/fundacionlobeliana.org\/wp-content\/uploads\/2026\/01\/Libro001_1.1.1-copia-scaled.jpg 1922w\" sizes=\"(max-width: 769px) 100vw, 769px\" \/><\/p>","protected":false},"excerpt":{"rendered":"<p>Publicado por la Editorial Lobeliana en 2023, este libro presenta un estudio bibliogr\u00e1fico que cruza el registro de hongos formalmente descritos en Chile con aquellos que poseen propiedades psicoactivas. La obra re\u00fane tres ensayos sobre prohibici\u00f3n, farmacolog\u00eda e identificaci\u00f3n micol\u00f3gica, acompa\u00f1ados de ilustraciones originales que ampl\u00edan la comprensi\u00f3n visual y cient\u00edfica del tema. Hongos Psicoactivos [&hellip;]<\/p>","protected":false},"author":1,"featured_media":1391,"comment_status":"closed","ping_status":"closed","sticky":false,"template":"","format":"standard","meta":{"footnotes":""},"categories":[30],"tags":[],"class_list":["post-1909","post","type-post","status-publish","format-standard","has-post-thumbnail","hentry","category-investigacion"],"yoast_head":"<!-- This site is optimized with the Yoast SEO plugin v27.2 - https:\/\/yoast.com\/product\/yoast-seo-wordpress\/ -->\n<title>Hongos Psicoactivos de Chile - Fundacion Lobeliana<\/title>\n<meta name=\"robots\" content=\"index, follow, max-snippet:-1, max-image-preview:large, max-video-preview:-1\" \/>\n<link rel=\"canonical\" href=\"https:\/\/fundacionlobeliana.org\/en\/hongos-psicoactivos-de-chile\/\" \/>\n<meta property=\"og:locale\" content=\"en_GB\" \/>\n<meta property=\"og:type\" content=\"article\" \/>\n<meta property=\"og:title\" content=\"Hongos Psicoactivos de Chile - Fundacion Lobeliana\" \/>\n<meta property=\"og:description\" content=\"Publicado por la Editorial Lobeliana en 2023, este libro presenta un estudio bibliogr\u00e1fico que cruza el registro de hongos formalmente descritos en Chile con aquellos que poseen propiedades psicoactivas. La obra re\u00fane tres ensayos sobre prohibici\u00f3n, farmacolog\u00eda e identificaci\u00f3n micol\u00f3gica, acompa\u00f1ados de ilustraciones originales que ampl\u00edan la comprensi\u00f3n visual y cient\u00edfica del tema. Hongos Psicoactivos [&hellip;]\" \/>\n<meta property=\"og:url\" content=\"https:\/\/fundacionlobeliana.org\/en\/hongos-psicoactivos-de-chile\/\" \/>\n<meta property=\"og:site_name\" content=\"Fundacion Lobeliana\" \/>\n<meta property=\"article:published_time\" content=\"2026-02-04T19:51:32+00:00\" \/>\n<meta property=\"og:image\" content=\"https:\/\/fundacionlobeliana.org\/wp-content\/uploads\/2026\/01\/Libro001_1.1.1-copia-scaled.jpg\" \/>\n\t<meta property=\"og:image:width\" content=\"1922\" \/>\n\t<meta property=\"og:image:height\" content=\"2560\" \/>\n\t<meta property=\"og:image:type\" content=\"image\/jpeg\" \/>\n<meta name=\"author\" content=\"angienaveaj\" \/>\n<meta name=\"twitter:card\" content=\"summary_large_image\" \/>\n<meta name=\"twitter:label1\" content=\"Written by\" \/>\n\t<meta name=\"twitter:data1\" content=\"angienaveaj\" \/>\n\t<meta name=\"twitter:label2\" content=\"Estimated reading time\" \/>\n\t<meta name=\"twitter:data2\" content=\"1 minute\" \/>\n<script type=\"application\/ld+json\" class=\"yoast-schema-graph\">{\"@context\":\"https:\/\/schema.org\",\"@graph\":[{\"@type\":\"Article\",\"@id\":\"https:\/\/fundacionlobeliana.org\/hongos-psicoactivos-de-chile\/#article\",\"isPartOf\":{\"@id\":\"https:\/\/fundacionlobeliana.org\/hongos-psicoactivos-de-chile\/\"},\"author\":{\"name\":\"angienaveaj\",\"@id\":\"https:\/\/fundacionlobeliana.org\/#\/schema\/person\/db50f40d8e0b513e10c4f5113b63878e\"},\"headline\":\"Hongos Psicoactivos de Chile\",\"datePublished\":\"2026-02-04T19:51:32+00:00\",\"mainEntityOfPage\":{\"@id\":\"https:\/\/fundacionlobeliana.org\/hongos-psicoactivos-de-chile\/\"},\"wordCount\":98,\"publisher\":{\"@id\":\"https:\/\/fundacionlobeliana.org\/#organization\"},\"image\":{\"@id\":\"https:\/\/fundacionlobeliana.org\/hongos-psicoactivos-de-chile\/#primaryimage\"},\"thumbnailUrl\":\"https:\/\/fundacionlobeliana.org\/wp-content\/uploads\/2026\/01\/Libro001_1.1.1-copia-scaled.jpg\",\"articleSection\":[\"Investigaci\u00f3n\"],\"inLanguage\":\"en-GB\"},{\"@type\":\"WebPage\",\"@id\":\"https:\/\/fundacionlobeliana.org\/hongos-psicoactivos-de-chile\/\",\"url\":\"https:\/\/fundacionlobeliana.org\/hongos-psicoactivos-de-chile\/\",\"name\":\"Hongos Psicoactivos de Chile - Fundacion Lobeliana\",\"isPartOf\":{\"@id\":\"https:\/\/fundacionlobeliana.org\/#website\"},\"primaryImageOfPage\":{\"@id\":\"https:\/\/fundacionlobeliana.org\/hongos-psicoactivos-de-chile\/#primaryimage\"},\"image\":{\"@id\":\"https:\/\/fundacionlobeliana.org\/hongos-psicoactivos-de-chile\/#primaryimage\"},\"thumbnailUrl\":\"https:\/\/fundacionlobeliana.org\/wp-content\/uploads\/2026\/01\/Libro001_1.1.1-copia-scaled.jpg\",\"datePublished\":\"2026-02-04T19:51:32+00:00\",\"breadcrumb\":{\"@id\":\"https:\/\/fundacionlobeliana.org\/hongos-psicoactivos-de-chile\/#breadcrumb\"},\"inLanguage\":\"en-GB\",\"potentialAction\":[{\"@type\":\"ReadAction\",\"target\":[\"https:\/\/fundacionlobeliana.org\/hongos-psicoactivos-de-chile\/\"]}]},{\"@type\":\"ImageObject\",\"inLanguage\":\"en-GB\",\"@id\":\"https:\/\/fundacionlobeliana.org\/hongos-psicoactivos-de-chile\/#primaryimage\",\"url\":\"https:\/\/fundacionlobeliana.org\/wp-content\/uploads\/2026\/01\/Libro001_1.1.1-copia-scaled.jpg\",\"contentUrl\":\"https:\/\/fundacionlobeliana.org\/wp-content\/uploads\/2026\/01\/Libro001_1.1.1-copia-scaled.jpg\",\"width\":1922,\"height\":2560},{\"@type\":\"BreadcrumbList\",\"@id\":\"https:\/\/fundacionlobeliana.org\/hongos-psicoactivos-de-chile\/#breadcrumb\",\"itemListElement\":[{\"@type\":\"ListItem\",\"position\":1,\"name\":\"Portada\",\"item\":\"https:\/\/fundacionlobeliana.org\/\"},{\"@type\":\"ListItem\",\"position\":2,\"name\":\"Hongos Psicoactivos de Chile\"}]},{\"@type\":\"WebSite\",\"@id\":\"https:\/\/fundacionlobeliana.org\/#website\",\"url\":\"https:\/\/fundacionlobeliana.org\/\",\"name\":\"Fundacion Lobeliana\",\"description\":\"Organizaci\u00f3n sin fines de lucro que tiene como misi\u00f3n el rescatar, actualizar, visibilizar y hacer disponible el conocimiento acumulado hasta hoy sobre f\u00e1rmacos naturales y psicoactivos\",\"publisher\":{\"@id\":\"https:\/\/fundacionlobeliana.org\/#organization\"},\"potentialAction\":[{\"@type\":\"SearchAction\",\"target\":{\"@type\":\"EntryPoint\",\"urlTemplate\":\"https:\/\/fundacionlobeliana.org\/?s={search_term_string}\"},\"query-input\":{\"@type\":\"PropertyValueSpecification\",\"valueRequired\":true,\"valueName\":\"search_term_string\"}}],\"inLanguage\":\"en-GB\"},{\"@type\":\"Organization\",\"@id\":\"https:\/\/fundacionlobeliana.org\/#organization\",\"name\":\"Fundacion Lobeliana\",\"url\":\"https:\/\/fundacionlobeliana.org\/\",\"logo\":{\"@type\":\"ImageObject\",\"inLanguage\":\"en-GB\",\"@id\":\"https:\/\/fundacionlobeliana.org\/#\/schema\/logo\/image\/\",\"url\":\"https:\/\/fundacionlobeliana.org\/wp-content\/uploads\/2025\/09\/logo_fundacion_lobeliana-02.png\",\"contentUrl\":\"https:\/\/fundacionlobeliana.org\/wp-content\/uploads\/2025\/09\/logo_fundacion_lobeliana-02.png\",\"width\":571,\"height\":718,\"caption\":\"Fundacion Lobeliana\"},\"image\":{\"@id\":\"https:\/\/fundacionlobeliana.org\/#\/schema\/logo\/image\/\"}},{\"@type\":\"Person\",\"@id\":\"https:\/\/fundacionlobeliana.org\/#\/schema\/person\/db50f40d8e0b513e10c4f5113b63878e\",\"name\":\"angienaveaj\",\"image\":{\"@type\":\"ImageObject\",\"inLanguage\":\"en-GB\",\"@id\":\"https:\/\/secure.gravatar.com\/avatar\/6d4ae7adc69c71560df2274e0971ed1f4a3aa48ccbc300b79f3497a94aaf3ed4?s=96&d=mm&r=g\",\"url\":\"https:\/\/secure.gravatar.com\/avatar\/6d4ae7adc69c71560df2274e0971ed1f4a3aa48ccbc300b79f3497a94aaf3ed4?s=96&d=mm&r=g\",\"contentUrl\":\"https:\/\/secure.gravatar.com\/avatar\/6d4ae7adc69c71560df2274e0971ed1f4a3aa48ccbc300b79f3497a94aaf3ed4?s=96&d=mm&r=g\",\"caption\":\"angienaveaj\"},\"sameAs\":[\"https:\/\/fundacionlobeliana.org\"],\"url\":\"https:\/\/fundacionlobeliana.org\/en\/author\/angienaveaj\/\"}]}<\/script>\n<!-- \/ Yoast SEO plugin. -->","yoast_head_json":{"title":"Hongos Psicoactivos de Chile - Fundacion Lobeliana","robots":{"index":"index","follow":"follow","max-snippet":"max-snippet:-1","max-image-preview":"max-image-preview:large","max-video-preview":"max-video-preview:-1"},"canonical":"https:\/\/fundacionlobeliana.org\/en\/hongos-psicoactivos-de-chile\/","og_locale":"en_GB","og_type":"article","og_title":"Hongos Psicoactivos de Chile - Fundacion Lobeliana","og_description":"Publicado por la Editorial Lobeliana en 2023, este libro presenta un estudio bibliogr\u00e1fico que cruza el registro de hongos formalmente descritos en Chile con aquellos que poseen propiedades psicoactivas. La obra re\u00fane tres ensayos sobre prohibici\u00f3n, farmacolog\u00eda e identificaci\u00f3n micol\u00f3gica, acompa\u00f1ados de ilustraciones originales que ampl\u00edan la comprensi\u00f3n visual y cient\u00edfica del tema. Hongos Psicoactivos [&hellip;]","og_url":"https:\/\/fundacionlobeliana.org\/en\/hongos-psicoactivos-de-chile\/","og_site_name":"Fundacion Lobeliana","article_published_time":"2026-02-04T19:51:32+00:00","og_image":[{"width":1922,"height":2560,"url":"https:\/\/fundacionlobeliana.org\/wp-content\/uploads\/2026\/01\/Libro001_1.1.1-copia-scaled.jpg","type":"image\/jpeg"}],"author":"angienaveaj","twitter_card":"summary_large_image","twitter_misc":{"Written by":"angienaveaj","Estimated reading time":"1 minute"},"schema":{"@context":"https:\/\/schema.org","@graph":[{"@type":"Article","@id":"https:\/\/fundacionlobeliana.org\/hongos-psicoactivos-de-chile\/#article","isPartOf":{"@id":"https:\/\/fundacionlobeliana.org\/hongos-psicoactivos-de-chile\/"},"author":{"name":"angienaveaj","@id":"https:\/\/fundacionlobeliana.org\/#\/schema\/person\/db50f40d8e0b513e10c4f5113b63878e"},"headline":"Hongos Psicoactivos de Chile","datePublished":"2026-02-04T19:51:32+00:00","mainEntityOfPage":{"@id":"https:\/\/fundacionlobeliana.org\/hongos-psicoactivos-de-chile\/"},"wordCount":98,"publisher":{"@id":"https:\/\/fundacionlobeliana.org\/#organization"},"image":{"@id":"https:\/\/fundacionlobeliana.org\/hongos-psicoactivos-de-chile\/#primaryimage"},"thumbnailUrl":"https:\/\/fundacionlobeliana.org\/wp-content\/uploads\/2026\/01\/Libro001_1.1.1-copia-scaled.jpg","articleSection":["Investigaci\u00f3n"],"inLanguage":"en-GB"},{"@type":"WebPage","@id":"https:\/\/fundacionlobeliana.org\/hongos-psicoactivos-de-chile\/","url":"https:\/\/fundacionlobeliana.org\/hongos-psicoactivos-de-chile\/","name":"Hongos Psicoactivos de Chile - Fundacion Lobeliana","isPartOf":{"@id":"https:\/\/fundacionlobeliana.org\/#website"},"primaryImageOfPage":{"@id":"https:\/\/fundacionlobeliana.org\/hongos-psicoactivos-de-chile\/#primaryimage"},"image":{"@id":"https:\/\/fundacionlobeliana.org\/hongos-psicoactivos-de-chile\/#primaryimage"},"thumbnailUrl":"https:\/\/fundacionlobeliana.org\/wp-content\/uploads\/2026\/01\/Libro001_1.1.1-copia-scaled.jpg","datePublished":"2026-02-04T19:51:32+00:00","breadcrumb":{"@id":"https:\/\/fundacionlobeliana.org\/hongos-psicoactivos-de-chile\/#breadcrumb"},"inLanguage":"en-GB","potentialAction":[{"@type":"ReadAction","target":["https:\/\/fundacionlobeliana.org\/hongos-psicoactivos-de-chile\/"]}]},{"@type":"ImageObject","inLanguage":"en-GB","@id":"https:\/\/fundacionlobeliana.org\/hongos-psicoactivos-de-chile\/#primaryimage","url":"https:\/\/fundacionlobeliana.org\/wp-content\/uploads\/2026\/01\/Libro001_1.1.1-copia-scaled.jpg","contentUrl":"https:\/\/fundacionlobeliana.org\/wp-content\/uploads\/2026\/01\/Libro001_1.1.1-copia-scaled.jpg","width":1922,"height":2560},{"@type":"BreadcrumbList","@id":"https:\/\/fundacionlobeliana.org\/hongos-psicoactivos-de-chile\/#breadcrumb","itemListElement":[{"@type":"ListItem","position":1,"name":"Portada","item":"https:\/\/fundacionlobeliana.org\/"},{"@type":"ListItem","position":2,"name":"Hongos Psicoactivos de Chile"}]},{"@type":"WebSite","@id":"https:\/\/fundacionlobeliana.org\/#website","url":"https:\/\/fundacionlobeliana.org\/","name":"Fundacion Lobeliana","description":"Organizaci\u00f3n sin fines de lucro que tiene como misi\u00f3n el rescatar, actualizar, visibilizar y hacer disponible el conocimiento acumulado hasta hoy sobre f\u00e1rmacos naturales y psicoactivos","publisher":{"@id":"https:\/\/fundacionlobeliana.org\/#organization"},"potentialAction":[{"@type":"SearchAction","target":{"@type":"EntryPoint","urlTemplate":"https:\/\/fundacionlobeliana.org\/?s={search_term_string}"},"query-input":{"@type":"PropertyValueSpecification","valueRequired":true,"valueName":"search_term_string"}}],"inLanguage":"en-GB"},{"@type":"Organization","@id":"https:\/\/fundacionlobeliana.org\/#organization","name":"Fundacion Lobeliana","url":"https:\/\/fundacionlobeliana.org\/","logo":{"@type":"ImageObject","inLanguage":"en-GB","@id":"https:\/\/fundacionlobeliana.org\/#\/schema\/logo\/image\/","url":"https:\/\/fundacionlobeliana.org\/wp-content\/uploads\/2025\/09\/logo_fundacion_lobeliana-02.png","contentUrl":"https:\/\/fundacionlobeliana.org\/wp-content\/uploads\/2025\/09\/logo_fundacion_lobeliana-02.png","width":571,"height":718,"caption":"Fundacion Lobeliana"},"image":{"@id":"https:\/\/fundacionlobeliana.org\/#\/schema\/logo\/image\/"}},{"@type":"Person","@id":"https:\/\/fundacionlobeliana.org\/#\/schema\/person\/db50f40d8e0b513e10c4f5113b63878e","name":"angienaveaj","image":{"@type":"ImageObject","inLanguage":"en-GB","@id":"https:\/\/secure.gravatar.com\/avatar\/6d4ae7adc69c71560df2274e0971ed1f4a3aa48ccbc300b79f3497a94aaf3ed4?s=96&d=mm&r=g","url":"https:\/\/secure.gravatar.com\/avatar\/6d4ae7adc69c71560df2274e0971ed1f4a3aa48ccbc300b79f3497a94aaf3ed4?s=96&d=mm&r=g","contentUrl":"https:\/\/secure.gravatar.com\/avatar\/6d4ae7adc69c71560df2274e0971ed1f4a3aa48ccbc300b79f3497a94aaf3ed4?s=96&d=mm&r=g","caption":"angienaveaj"},"sameAs":["https:\/\/fundacionlobeliana.org"],"url":"https:\/\/fundacionlobeliana.org\/en\/author\/angienaveaj\/"}]}},"_links":{"self":[{"href":"https:\/\/fundacionlobeliana.org\/en\/wp-json\/wp\/v2\/posts\/1909","targetHints":{"allow":["GET"]}}],"collection":[{"href":"https:\/\/fundacionlobeliana.org\/en\/wp-json\/wp\/v2\/posts"}],"about":[{"href":"https:\/\/fundacionlobeliana.org\/en\/wp-json\/wp\/v2\/types\/post"}],"author":[{"embeddable":true,"href":"https:\/\/fundacionlobeliana.org\/en\/wp-json\/wp\/v2\/users\/1"}],"replies":[{"embeddable":true,"href":"https:\/\/fundacionlobeliana.org\/en\/wp-json\/wp\/v2\/comments?post=1909"}],"version-history":[{"count":1,"href":"https:\/\/fundacionlobeliana.org\/en\/wp-json\/wp\/v2\/posts\/1909\/revisions"}],"predecessor-version":[{"id":1913,"href":"https:\/\/fundacionlobeliana.org\/en\/wp-json\/wp\/v2\/posts\/1909\/revisions\/1913"}],"wp:featuredmedia":[{"embeddable":true,"href":"https:\/\/fundacionlobeliana.org\/en\/wp-json\/wp\/v2\/media\/1391"}],"wp:attachment":[{"href":"https:\/\/fundacionlobeliana.org\/en\/wp-json\/wp\/v2\/media?parent=1909"}],"wp:term":[{"taxonomy":"category","embeddable":true,"href":"https:\/\/fundacionlobeliana.org\/en\/wp-json\/wp\/v2\/categories?post=1909"},{"taxonomy":"post_tag","embeddable":true,"href":"https:\/\/fundacionlobeliana.org\/en\/wp-json\/wp\/v2\/tags?post=1909"}],"curies":[{"name":"wp","href":"https:\/\/api.w.org\/{rel}","templated":true}]}}