{"id":1983,"date":"2026-02-09T16:21:17","date_gmt":"2026-02-09T16:21:17","guid":{"rendered":"https:\/\/fundacionlobeliana.org\/?p=1983"},"modified":"2026-02-09T16:24:27","modified_gmt":"2026-02-09T16:24:27","slug":"entrada-prueba","status":"publish","type":"post","link":"https:\/\/fundacionlobeliana.org\/en\/entrada-prueba\/","title":{"rendered":"Entrada prueba"},"content":{"rendered":"<h2>Este es un subtitulo<\/h2>\n<p>&nbsp;<\/p>\n<p>Introducci\u00f3n<br \/>\nA pesar de que la hoja de coca en Chile est\u00e1 prohibida, es usual ver en el comercio minorista e<br \/>\ninformal del pa\u00eds, y especialmente en el norte de Chile, la venta de hojas de coca (Erytrhroxylum coca)<br \/>\nen peque\u00f1as cantidades. No s\u00f3lo su uso en picchar1 es una cuesti\u00f3n p\u00fablica y notoria, sino tambi\u00e9n<br \/>\nse utiliza medicinalmente o en el contexto de festividades y celebraciones religiosas, incluso tambi\u00e9n<br \/>\ncomo ofrenda (pagos o despachos). Adem\u00e1s, el sincretismo religioso entre las culturas ind\u00edgenas y la<br \/>\npoblaci\u00f3n chilena, ha extendido el uso de la hoja de coca al ciudadano no ind\u00edgena, produci\u00e9ndose<br \/>\nun fen\u00f3meno de aculturaci\u00f3n, siendo el picchado de hoja de coca una costumbre que va en aumento<br \/>\na lo largo de todo el pa\u00eds.<br \/>\nEsta tolerancia estatal a la hoja de coca, a pesar de estar prohibida, no s\u00f3lo se debe a la fuerte y<br \/>\narraigada costumbre de los pueblos ind\u00edgenas que efectivamente viven en Chile y la utilizan, sino que<br \/>\nha encontrado protecci\u00f3n jur\u00eddica en diversos cuerpos normativos vigentes en el pa\u00eds, que veremos a<br \/>\nlo largo de este art\u00edculo, tendientes a garantizar el libre desarrollo de las culturas ind\u00edgenas y sus<br \/>\ncostumbres. Sin embargo, por condiciones ambientales, la hoja de coca no puede cultivarse en Chile,<br \/>\nya que crece en bosques h\u00famedos y subtropicales, que distan de asimilarse al \u00e1rido desierto del<br \/>\naltiplano chileno, por eso la hoja de coca se trae de Bolivia y de Per\u00fa. Y el problema es que para poder<br \/>\ndesarrollar su propia cultura (aymar\u00e1, quechua y otras), lo que implica ritos, fiestas religiosas, ofrendas<br \/>\no uso medicinal, se requiere de un comercio de la hoja de coca, y si bien, usualmente no se somete a<br \/>\nproceso jurisdiccional al peque\u00f1o vendedor de feria, suele detenerse y acus\u00e1rsele de tr\u00e1fico de drogas<br \/>\nal transportista que ingresa la hoja de coca a chile en grandes cantidades. Ello, a pesar de que el<br \/>\nServicio Agr\u00edcola Ganadero (SAG), \u00f3rgano encargado del control fronterizo sanitario, permite<br \/>\nformalmente su ingreso en su circular N\u00ba643\/2019, este documento no indica la cantidad de hoja de<br \/>\ncoca permitida. En la pr\u00e1ctica, en el control fronterizo, si es una cantidad que el \u201cfuncionario policial<br \/>\nde turno\u201d considera \u201calta\u201d, se le detiene, si la considera \u201cbaja\u201d no se le detiene. Y si el transportista<br \/>\nno declara que lleva hoja de coca y lo sorprenden, tambi\u00e9n se le detiene, limit\u00e1ndose el SAG s\u00f3lo a<br \/>\nrealizar un control sanitario y quedando a discreci\u00f3n del polic\u00eda de turno iniciar o no un<br \/>\nprocedimiento penal en el caso concreto. Esto genera en el paso fronterizo una inseguridad e<br \/>\nincerteza jur\u00eddica, que se replica en los Tribunales de justicia de Chile. Jurisdiccionalmente si la<br \/>\ncantidad de hoja de coca resulta para el juez \u201calta\u201d se le castigar\u00e1 por tr\u00e1fico, por el contrario, si la<br \/>\nconsidera baja y el ciudadano es ind\u00edgena, puede que se le exima de responsabilidad por aplicaci\u00f3n de<br \/>\nla normativa ind\u00edgena que protege su identidad y costumbres. Ahora, si el sujeto afectado no es<br \/>\nind\u00edgena, al no tener amparo legal basado en la costumbre del uso de esta planta, se le castigar\u00e1 por<br \/>\ntr\u00e1fico de drogas, gener\u00e1ndose de esta forma en Chile, un sistema doble de aplicaci\u00f3n de la ley, seg\u00fan<br \/>\nsi se trata de un ciudadano ind\u00edgena o no ind\u00edgena.<\/p>\n<p><img fetchpriority=\"high\" decoding=\"async\" class=\"alignnone wp-image-1841 size-full\" src=\"https:\/\/fundacionlobeliana.org\/wp-content\/uploads\/2026\/02\/007_1.85.2.jpg\" alt=\"\" width=\"1920\" height=\"1080\" srcset=\"https:\/\/fundacionlobeliana.org\/wp-content\/uploads\/2026\/02\/007_1.85.2.jpg 1920w, https:\/\/fundacionlobeliana.org\/wp-content\/uploads\/2026\/02\/007_1.85.2-300x169.jpg 300w, https:\/\/fundacionlobeliana.org\/wp-content\/uploads\/2026\/02\/007_1.85.2-1024x576.jpg 1024w, https:\/\/fundacionlobeliana.org\/wp-content\/uploads\/2026\/02\/007_1.85.2-768x432.jpg 768w, https:\/\/fundacionlobeliana.org\/wp-content\/uploads\/2026\/02\/007_1.85.2-1536x864.jpg 1536w, https:\/\/fundacionlobeliana.org\/wp-content\/uploads\/2026\/02\/007_1.85.2-18x10.jpg 18w, https:\/\/fundacionlobeliana.org\/wp-content\/uploads\/2026\/02\/007_1.85.2-600x338.jpg 600w\" sizes=\"(max-width: 1920px) 100vw, 1920px\" \/><\/p>\n<div id='gallery-1' class='gallery galleryid-1983 gallery-columns-3 gallery-size-large'><figure class='gallery-item'>\n\t\t\t<div class='gallery-icon landscape'>\n\t\t\t\t<a href='https:\/\/fundacionlobeliana.org\/en\/la-hoja-de-coca-en-chile\/007_1-85-2\/'><img decoding=\"async\" width=\"800\" height=\"450\" src=\"https:\/\/fundacionlobeliana.org\/wp-content\/uploads\/2026\/02\/007_1.85.2-1024x576.jpg\" class=\"attachment-large size-large\" alt=\"\" srcset=\"https:\/\/fundacionlobeliana.org\/wp-content\/uploads\/2026\/02\/007_1.85.2-1024x576.jpg 1024w, https:\/\/fundacionlobeliana.org\/wp-content\/uploads\/2026\/02\/007_1.85.2-300x169.jpg 300w, https:\/\/fundacionlobeliana.org\/wp-content\/uploads\/2026\/02\/007_1.85.2-768x432.jpg 768w, https:\/\/fundacionlobeliana.org\/wp-content\/uploads\/2026\/02\/007_1.85.2-1536x864.jpg 1536w, https:\/\/fundacionlobeliana.org\/wp-content\/uploads\/2026\/02\/007_1.85.2-18x10.jpg 18w, https:\/\/fundacionlobeliana.org\/wp-content\/uploads\/2026\/02\/007_1.85.2-600x338.jpg 600w, https:\/\/fundacionlobeliana.org\/wp-content\/uploads\/2026\/02\/007_1.85.2.jpg 1920w\" sizes=\"(max-width: 800px) 100vw, 800px\" \/><\/a>\n\t\t\t<\/div><\/figure><figure class='gallery-item'>\n\t\t\t<div class='gallery-icon landscape'>\n\t\t\t\t<a href='https:\/\/fundacionlobeliana.org\/en\/bajo-el-faro-de-un-ojo\/bajo-faro-ojo\/'><img decoding=\"async\" width=\"800\" height=\"351\" src=\"https:\/\/fundacionlobeliana.org\/wp-content\/uploads\/2026\/01\/bajo-faro-ojo-1024x449.jpg\" class=\"attachment-large size-large\" alt=\"\" srcset=\"https:\/\/fundacionlobeliana.org\/wp-content\/uploads\/2026\/01\/bajo-faro-ojo-1024x449.jpg 1024w, https:\/\/fundacionlobeliana.org\/wp-content\/uploads\/2026\/01\/bajo-faro-ojo-300x131.jpg 300w, https:\/\/fundacionlobeliana.org\/wp-content\/uploads\/2026\/01\/bajo-faro-ojo-768x336.jpg 768w, https:\/\/fundacionlobeliana.org\/wp-content\/uploads\/2026\/01\/bajo-faro-ojo-1536x673.jpg 1536w, https:\/\/fundacionlobeliana.org\/wp-content\/uploads\/2026\/01\/bajo-faro-ojo-18x8.jpg 18w, https:\/\/fundacionlobeliana.org\/wp-content\/uploads\/2026\/01\/bajo-faro-ojo-600x263.jpg 600w, https:\/\/fundacionlobeliana.org\/wp-content\/uploads\/2026\/01\/bajo-faro-ojo.jpg 1792w\" sizes=\"(max-width: 800px) 100vw, 800px\" \/><\/a>\n\t\t\t<\/div><\/figure><figure class='gallery-item'>\n\t\t\t<div class='gallery-icon landscape'>\n\t\t\t\t<a href='https:\/\/fundacionlobeliana.org\/en\/la-hoja-de-coca-en-chile\/coca-leaves-43289_1280\/'><img loading=\"lazy\" decoding=\"async\" width=\"800\" height=\"600\" src=\"https:\/\/fundacionlobeliana.org\/wp-content\/uploads\/2026\/02\/coca-leaves-43289_1280-1024x768.jpg\" class=\"attachment-large size-large\" alt=\"\" srcset=\"https:\/\/fundacionlobeliana.org\/wp-content\/uploads\/2026\/02\/coca-leaves-43289_1280-1024x768.jpg 1024w, https:\/\/fundacionlobeliana.org\/wp-content\/uploads\/2026\/02\/coca-leaves-43289_1280-300x225.jpg 300w, https:\/\/fundacionlobeliana.org\/wp-content\/uploads\/2026\/02\/coca-leaves-43289_1280-768x576.jpg 768w, https:\/\/fundacionlobeliana.org\/wp-content\/uploads\/2026\/02\/coca-leaves-43289_1280-16x12.jpg 16w, https:\/\/fundacionlobeliana.org\/wp-content\/uploads\/2026\/02\/coca-leaves-43289_1280-600x450.jpg 600w, https:\/\/fundacionlobeliana.org\/wp-content\/uploads\/2026\/02\/coca-leaves-43289_1280.jpg 1280w\" sizes=\"(max-width: 800px) 100vw, 800px\" \/><\/a>\n\t\t\t<\/div><\/figure>\n\t\t<\/div>","protected":false},"excerpt":{"rendered":"<p>Este es un subtitulo &nbsp; Introducci\u00f3n A pesar de que la hoja de coca en Chile est\u00e1 prohibida, es usual ver en el comercio minorista e informal del pa\u00eds, y especialmente en el norte de Chile, la venta de hojas de coca (Erytrhroxylum coca) en peque\u00f1as cantidades. No s\u00f3lo su uso en picchar1 es una [&hellip;]<\/p>","protected":false},"author":1,"featured_media":1841,"comment_status":"closed","ping_status":"closed","sticky":false,"template":"","format":"standard","meta":{"footnotes":""},"categories":[30],"tags":[],"class_list":["post-1983","post","type-post","status-publish","format-standard","has-post-thumbnail","hentry","category-investigacion"],"yoast_head":"<!-- This site is optimized with the Yoast SEO plugin v27.2 - https:\/\/yoast.com\/product\/yoast-seo-wordpress\/ -->\n<title>Entrada prueba - Fundacion Lobeliana<\/title>\n<meta name=\"robots\" content=\"index, follow, max-snippet:-1, max-image-preview:large, max-video-preview:-1\" \/>\n<link rel=\"canonical\" href=\"https:\/\/fundacionlobeliana.org\/en\/entrada-prueba\/\" \/>\n<meta property=\"og:locale\" content=\"en_GB\" \/>\n<meta property=\"og:type\" content=\"article\" \/>\n<meta property=\"og:title\" content=\"Entrada prueba - Fundacion Lobeliana\" \/>\n<meta property=\"og:description\" content=\"Este es un subtitulo &nbsp; Introducci\u00f3n A pesar de que la hoja de coca en Chile est\u00e1 prohibida, es usual ver en el comercio minorista e informal del pa\u00eds, y especialmente en el norte de Chile, la venta de hojas de coca (Erytrhroxylum coca) en peque\u00f1as cantidades. No s\u00f3lo su uso en picchar1 es una [&hellip;]\" \/>\n<meta property=\"og:url\" content=\"https:\/\/fundacionlobeliana.org\/en\/entrada-prueba\/\" \/>\n<meta property=\"og:site_name\" content=\"Fundacion Lobeliana\" \/>\n<meta property=\"article:published_time\" content=\"2026-02-09T16:21:17+00:00\" \/>\n<meta property=\"article:modified_time\" content=\"2026-02-09T16:24:27+00:00\" \/>\n<meta property=\"og:image\" content=\"https:\/\/fundacionlobeliana.org\/wp-content\/uploads\/2026\/02\/007_1.85.2.jpg\" \/>\n\t<meta property=\"og:image:width\" content=\"1920\" \/>\n\t<meta property=\"og:image:height\" content=\"1080\" \/>\n\t<meta property=\"og:image:type\" content=\"image\/jpeg\" \/>\n<meta name=\"author\" content=\"angienaveaj\" \/>\n<meta name=\"twitter:card\" content=\"summary_large_image\" \/>\n<meta name=\"twitter:label1\" content=\"Written by\" \/>\n\t<meta name=\"twitter:data1\" content=\"angienaveaj\" \/>\n\t<meta name=\"twitter:label2\" content=\"Estimated reading time\" \/>\n\t<meta name=\"twitter:data2\" content=\"3 minutes\" \/>\n<script type=\"application\/ld+json\" class=\"yoast-schema-graph\">{\"@context\":\"https:\/\/schema.org\",\"@graph\":[{\"@type\":\"Article\",\"@id\":\"https:\/\/fundacionlobeliana.org\/entrada-prueba\/#article\",\"isPartOf\":{\"@id\":\"https:\/\/fundacionlobeliana.org\/entrada-prueba\/\"},\"author\":{\"name\":\"angienaveaj\",\"@id\":\"https:\/\/fundacionlobeliana.org\/#\/schema\/person\/db50f40d8e0b513e10c4f5113b63878e\"},\"headline\":\"Entrada prueba\",\"datePublished\":\"2026-02-09T16:21:17+00:00\",\"dateModified\":\"2026-02-09T16:24:27+00:00\",\"mainEntityOfPage\":{\"@id\":\"https:\/\/fundacionlobeliana.org\/entrada-prueba\/\"},\"wordCount\":602,\"publisher\":{\"@id\":\"https:\/\/fundacionlobeliana.org\/#organization\"},\"image\":{\"@id\":\"https:\/\/fundacionlobeliana.org\/entrada-prueba\/#primaryimage\"},\"thumbnailUrl\":\"https:\/\/fundacionlobeliana.org\/wp-content\/uploads\/2026\/02\/007_1.85.2.jpg\",\"articleSection\":[\"Investigaci\u00f3n\"],\"inLanguage\":\"en-GB\"},{\"@type\":\"WebPage\",\"@id\":\"https:\/\/fundacionlobeliana.org\/entrada-prueba\/\",\"url\":\"https:\/\/fundacionlobeliana.org\/entrada-prueba\/\",\"name\":\"Entrada prueba - Fundacion Lobeliana\",\"isPartOf\":{\"@id\":\"https:\/\/fundacionlobeliana.org\/#website\"},\"primaryImageOfPage\":{\"@id\":\"https:\/\/fundacionlobeliana.org\/entrada-prueba\/#primaryimage\"},\"image\":{\"@id\":\"https:\/\/fundacionlobeliana.org\/entrada-prueba\/#primaryimage\"},\"thumbnailUrl\":\"https:\/\/fundacionlobeliana.org\/wp-content\/uploads\/2026\/02\/007_1.85.2.jpg\",\"datePublished\":\"2026-02-09T16:21:17+00:00\",\"dateModified\":\"2026-02-09T16:24:27+00:00\",\"breadcrumb\":{\"@id\":\"https:\/\/fundacionlobeliana.org\/entrada-prueba\/#breadcrumb\"},\"inLanguage\":\"en-GB\",\"potentialAction\":[{\"@type\":\"ReadAction\",\"target\":[\"https:\/\/fundacionlobeliana.org\/entrada-prueba\/\"]}]},{\"@type\":\"ImageObject\",\"inLanguage\":\"en-GB\",\"@id\":\"https:\/\/fundacionlobeliana.org\/entrada-prueba\/#primaryimage\",\"url\":\"https:\/\/fundacionlobeliana.org\/wp-content\/uploads\/2026\/02\/007_1.85.2.jpg\",\"contentUrl\":\"https:\/\/fundacionlobeliana.org\/wp-content\/uploads\/2026\/02\/007_1.85.2.jpg\",\"width\":1920,\"height\":1080},{\"@type\":\"BreadcrumbList\",\"@id\":\"https:\/\/fundacionlobeliana.org\/entrada-prueba\/#breadcrumb\",\"itemListElement\":[{\"@type\":\"ListItem\",\"position\":1,\"name\":\"Portada\",\"item\":\"https:\/\/fundacionlobeliana.org\/\"},{\"@type\":\"ListItem\",\"position\":2,\"name\":\"Entrada prueba\"}]},{\"@type\":\"WebSite\",\"@id\":\"https:\/\/fundacionlobeliana.org\/#website\",\"url\":\"https:\/\/fundacionlobeliana.org\/\",\"name\":\"Fundacion Lobeliana\",\"description\":\"Organizaci\u00f3n sin fines de lucro que tiene como misi\u00f3n el rescatar, actualizar, visibilizar y hacer disponible el conocimiento acumulado hasta hoy sobre f\u00e1rmacos naturales y psicoactivos\",\"publisher\":{\"@id\":\"https:\/\/fundacionlobeliana.org\/#organization\"},\"potentialAction\":[{\"@type\":\"SearchAction\",\"target\":{\"@type\":\"EntryPoint\",\"urlTemplate\":\"https:\/\/fundacionlobeliana.org\/?s={search_term_string}\"},\"query-input\":{\"@type\":\"PropertyValueSpecification\",\"valueRequired\":true,\"valueName\":\"search_term_string\"}}],\"inLanguage\":\"en-GB\"},{\"@type\":\"Organization\",\"@id\":\"https:\/\/fundacionlobeliana.org\/#organization\",\"name\":\"Fundacion Lobeliana\",\"url\":\"https:\/\/fundacionlobeliana.org\/\",\"logo\":{\"@type\":\"ImageObject\",\"inLanguage\":\"en-GB\",\"@id\":\"https:\/\/fundacionlobeliana.org\/#\/schema\/logo\/image\/\",\"url\":\"https:\/\/fundacionlobeliana.org\/wp-content\/uploads\/2025\/09\/logo_fundacion_lobeliana-02.png\",\"contentUrl\":\"https:\/\/fundacionlobeliana.org\/wp-content\/uploads\/2025\/09\/logo_fundacion_lobeliana-02.png\",\"width\":571,\"height\":718,\"caption\":\"Fundacion Lobeliana\"},\"image\":{\"@id\":\"https:\/\/fundacionlobeliana.org\/#\/schema\/logo\/image\/\"}},{\"@type\":\"Person\",\"@id\":\"https:\/\/fundacionlobeliana.org\/#\/schema\/person\/db50f40d8e0b513e10c4f5113b63878e\",\"name\":\"angienaveaj\",\"image\":{\"@type\":\"ImageObject\",\"inLanguage\":\"en-GB\",\"@id\":\"https:\/\/secure.gravatar.com\/avatar\/6d4ae7adc69c71560df2274e0971ed1f4a3aa48ccbc300b79f3497a94aaf3ed4?s=96&d=mm&r=g\",\"url\":\"https:\/\/secure.gravatar.com\/avatar\/6d4ae7adc69c71560df2274e0971ed1f4a3aa48ccbc300b79f3497a94aaf3ed4?s=96&d=mm&r=g\",\"contentUrl\":\"https:\/\/secure.gravatar.com\/avatar\/6d4ae7adc69c71560df2274e0971ed1f4a3aa48ccbc300b79f3497a94aaf3ed4?s=96&d=mm&r=g\",\"caption\":\"angienaveaj\"},\"sameAs\":[\"https:\/\/fundacionlobeliana.org\"],\"url\":\"https:\/\/fundacionlobeliana.org\/en\/author\/angienaveaj\/\"}]}<\/script>\n<!-- \/ Yoast SEO plugin. -->","yoast_head_json":{"title":"Entrada prueba - Fundacion Lobeliana","robots":{"index":"index","follow":"follow","max-snippet":"max-snippet:-1","max-image-preview":"max-image-preview:large","max-video-preview":"max-video-preview:-1"},"canonical":"https:\/\/fundacionlobeliana.org\/en\/entrada-prueba\/","og_locale":"en_GB","og_type":"article","og_title":"Entrada prueba - Fundacion Lobeliana","og_description":"Este es un subtitulo &nbsp; Introducci\u00f3n A pesar de que la hoja de coca en Chile est\u00e1 prohibida, es usual ver en el comercio minorista e informal del pa\u00eds, y especialmente en el norte de Chile, la venta de hojas de coca (Erytrhroxylum coca) en peque\u00f1as cantidades. No s\u00f3lo su uso en picchar1 es una [&hellip;]","og_url":"https:\/\/fundacionlobeliana.org\/en\/entrada-prueba\/","og_site_name":"Fundacion Lobeliana","article_published_time":"2026-02-09T16:21:17+00:00","article_modified_time":"2026-02-09T16:24:27+00:00","og_image":[{"width":1920,"height":1080,"url":"https:\/\/fundacionlobeliana.org\/wp-content\/uploads\/2026\/02\/007_1.85.2.jpg","type":"image\/jpeg"}],"author":"angienaveaj","twitter_card":"summary_large_image","twitter_misc":{"Written by":"angienaveaj","Estimated reading time":"3 minutes"},"schema":{"@context":"https:\/\/schema.org","@graph":[{"@type":"Article","@id":"https:\/\/fundacionlobeliana.org\/entrada-prueba\/#article","isPartOf":{"@id":"https:\/\/fundacionlobeliana.org\/entrada-prueba\/"},"author":{"name":"angienaveaj","@id":"https:\/\/fundacionlobeliana.org\/#\/schema\/person\/db50f40d8e0b513e10c4f5113b63878e"},"headline":"Entrada prueba","datePublished":"2026-02-09T16:21:17+00:00","dateModified":"2026-02-09T16:24:27+00:00","mainEntityOfPage":{"@id":"https:\/\/fundacionlobeliana.org\/entrada-prueba\/"},"wordCount":602,"publisher":{"@id":"https:\/\/fundacionlobeliana.org\/#organization"},"image":{"@id":"https:\/\/fundacionlobeliana.org\/entrada-prueba\/#primaryimage"},"thumbnailUrl":"https:\/\/fundacionlobeliana.org\/wp-content\/uploads\/2026\/02\/007_1.85.2.jpg","articleSection":["Investigaci\u00f3n"],"inLanguage":"en-GB"},{"@type":"WebPage","@id":"https:\/\/fundacionlobeliana.org\/entrada-prueba\/","url":"https:\/\/fundacionlobeliana.org\/entrada-prueba\/","name":"Entrada prueba - Fundacion Lobeliana","isPartOf":{"@id":"https:\/\/fundacionlobeliana.org\/#website"},"primaryImageOfPage":{"@id":"https:\/\/fundacionlobeliana.org\/entrada-prueba\/#primaryimage"},"image":{"@id":"https:\/\/fundacionlobeliana.org\/entrada-prueba\/#primaryimage"},"thumbnailUrl":"https:\/\/fundacionlobeliana.org\/wp-content\/uploads\/2026\/02\/007_1.85.2.jpg","datePublished":"2026-02-09T16:21:17+00:00","dateModified":"2026-02-09T16:24:27+00:00","breadcrumb":{"@id":"https:\/\/fundacionlobeliana.org\/entrada-prueba\/#breadcrumb"},"inLanguage":"en-GB","potentialAction":[{"@type":"ReadAction","target":["https:\/\/fundacionlobeliana.org\/entrada-prueba\/"]}]},{"@type":"ImageObject","inLanguage":"en-GB","@id":"https:\/\/fundacionlobeliana.org\/entrada-prueba\/#primaryimage","url":"https:\/\/fundacionlobeliana.org\/wp-content\/uploads\/2026\/02\/007_1.85.2.jpg","contentUrl":"https:\/\/fundacionlobeliana.org\/wp-content\/uploads\/2026\/02\/007_1.85.2.jpg","width":1920,"height":1080},{"@type":"BreadcrumbList","@id":"https:\/\/fundacionlobeliana.org\/entrada-prueba\/#breadcrumb","itemListElement":[{"@type":"ListItem","position":1,"name":"Portada","item":"https:\/\/fundacionlobeliana.org\/"},{"@type":"ListItem","position":2,"name":"Entrada prueba"}]},{"@type":"WebSite","@id":"https:\/\/fundacionlobeliana.org\/#website","url":"https:\/\/fundacionlobeliana.org\/","name":"Fundacion Lobeliana","description":"Organizaci\u00f3n sin fines de lucro que tiene como misi\u00f3n el rescatar, actualizar, visibilizar y hacer disponible el conocimiento acumulado hasta hoy sobre f\u00e1rmacos naturales y psicoactivos","publisher":{"@id":"https:\/\/fundacionlobeliana.org\/#organization"},"potentialAction":[{"@type":"SearchAction","target":{"@type":"EntryPoint","urlTemplate":"https:\/\/fundacionlobeliana.org\/?s={search_term_string}"},"query-input":{"@type":"PropertyValueSpecification","valueRequired":true,"valueName":"search_term_string"}}],"inLanguage":"en-GB"},{"@type":"Organization","@id":"https:\/\/fundacionlobeliana.org\/#organization","name":"Fundacion Lobeliana","url":"https:\/\/fundacionlobeliana.org\/","logo":{"@type":"ImageObject","inLanguage":"en-GB","@id":"https:\/\/fundacionlobeliana.org\/#\/schema\/logo\/image\/","url":"https:\/\/fundacionlobeliana.org\/wp-content\/uploads\/2025\/09\/logo_fundacion_lobeliana-02.png","contentUrl":"https:\/\/fundacionlobeliana.org\/wp-content\/uploads\/2025\/09\/logo_fundacion_lobeliana-02.png","width":571,"height":718,"caption":"Fundacion Lobeliana"},"image":{"@id":"https:\/\/fundacionlobeliana.org\/#\/schema\/logo\/image\/"}},{"@type":"Person","@id":"https:\/\/fundacionlobeliana.org\/#\/schema\/person\/db50f40d8e0b513e10c4f5113b63878e","name":"angienaveaj","image":{"@type":"ImageObject","inLanguage":"en-GB","@id":"https:\/\/secure.gravatar.com\/avatar\/6d4ae7adc69c71560df2274e0971ed1f4a3aa48ccbc300b79f3497a94aaf3ed4?s=96&d=mm&r=g","url":"https:\/\/secure.gravatar.com\/avatar\/6d4ae7adc69c71560df2274e0971ed1f4a3aa48ccbc300b79f3497a94aaf3ed4?s=96&d=mm&r=g","contentUrl":"https:\/\/secure.gravatar.com\/avatar\/6d4ae7adc69c71560df2274e0971ed1f4a3aa48ccbc300b79f3497a94aaf3ed4?s=96&d=mm&r=g","caption":"angienaveaj"},"sameAs":["https:\/\/fundacionlobeliana.org"],"url":"https:\/\/fundacionlobeliana.org\/en\/author\/angienaveaj\/"}]}},"_links":{"self":[{"href":"https:\/\/fundacionlobeliana.org\/en\/wp-json\/wp\/v2\/posts\/1983","targetHints":{"allow":["GET"]}}],"collection":[{"href":"https:\/\/fundacionlobeliana.org\/en\/wp-json\/wp\/v2\/posts"}],"about":[{"href":"https:\/\/fundacionlobeliana.org\/en\/wp-json\/wp\/v2\/types\/post"}],"author":[{"embeddable":true,"href":"https:\/\/fundacionlobeliana.org\/en\/wp-json\/wp\/v2\/users\/1"}],"replies":[{"embeddable":true,"href":"https:\/\/fundacionlobeliana.org\/en\/wp-json\/wp\/v2\/comments?post=1983"}],"version-history":[{"count":1,"href":"https:\/\/fundacionlobeliana.org\/en\/wp-json\/wp\/v2\/posts\/1983\/revisions"}],"predecessor-version":[{"id":1984,"href":"https:\/\/fundacionlobeliana.org\/en\/wp-json\/wp\/v2\/posts\/1983\/revisions\/1984"}],"wp:featuredmedia":[{"embeddable":true,"href":"https:\/\/fundacionlobeliana.org\/en\/wp-json\/wp\/v2\/media\/1841"}],"wp:attachment":[{"href":"https:\/\/fundacionlobeliana.org\/en\/wp-json\/wp\/v2\/media?parent=1983"}],"wp:term":[{"taxonomy":"category","embeddable":true,"href":"https:\/\/fundacionlobeliana.org\/en\/wp-json\/wp\/v2\/categories?post=1983"},{"taxonomy":"post_tag","embeddable":true,"href":"https:\/\/fundacionlobeliana.org\/en\/wp-json\/wp\/v2\/tags?post=1983"}],"curies":[{"name":"wp","href":"https:\/\/api.w.org\/{rel}","templated":true}]}}